{"id":44883,"date":"2025-11-19T14:50:03","date_gmt":"2025-11-19T17:50:03","guid":{"rendered":"https:\/\/radiostudiow.com.br\/site\/?p=44883"},"modified":"2025-11-19T14:50:04","modified_gmt":"2025-11-19T17:50:04","slug":"homem-e-detido-apos-agredir-sobrinho-pais-e-causar-danos-materiais-em-rio-azul","status":"publish","type":"post","link":"https:\/\/radiostudiow.com.br\/site\/2025\/11\/19\/homem-e-detido-apos-agredir-sobrinho-pais-e-causar-danos-materiais-em-rio-azul\/","title":{"rendered":"HOMEM \u00c9 DETIDO AP\u00d3S AGREDIR SOBRINHO, PAIS E CAUSAR DANOS MATERIAIS EM RIO AZUL"},"content":{"rendered":"\n<figure class=\"wp-block-image size-full\"><img loading=\"lazy\" decoding=\"async\" width=\"897\" height=\"207\" src=\"https:\/\/radiostudiow.com.br\/site\/wp-content\/uploads\/2025\/07\/TIJOLAO.png\" alt=\"\" class=\"wp-image-40184\" srcset=\"https:\/\/radiostudiow.com.br\/site\/wp-content\/uploads\/2025\/07\/TIJOLAO.png 897w, https:\/\/radiostudiow.com.br\/site\/wp-content\/uploads\/2025\/07\/TIJOLAO-300x69.png 300w, https:\/\/radiostudiow.com.br\/site\/wp-content\/uploads\/2025\/07\/TIJOLAO-768x177.png 768w\" sizes=\"auto, (max-width: 897px) 100vw, 897px\" \/><\/figure>\n\n\n\n<p class=\"has-medium-font-size\"><strong>&nbsp;Pol\u00edcia Militar localizou o suspeito na comunidade de Pinhalzinho<\/strong><\/p>\n\n\n\n<p><strong>Um caso de les\u00e3o corporal e danos materiais mobilizou a Pol\u00edcia Militar de Rio Azul na noite desta ter\u00e7a-feira, 18 de novembro. Por volta das 21h30, um homem procurou o destacamento policial para denunciar que havia sido agredido pelo pr\u00f3prio tio, que, segundo ele, estava completamente alterado.<\/strong><\/p>\n\n\n\n<p class=\"has-medium-font-size\">A v\u00edtima relatou ainda que seus pais tamb\u00e9m foram agredidos e que o suspeito teria provocado diversos danos na propriedade da fam\u00edlia. Diante das informa\u00e7\u00f5es, a equipe policial se deslocou at\u00e9 a localidade de Pinhalzinho, onde residem as v\u00edtimas e, nas proximidades, o autor dos ataques.<\/p>\n\n\n\n<figure class=\"wp-block-image size-full\"><img loading=\"lazy\" decoding=\"async\" width=\"897\" height=\"204\" src=\"https:\/\/radiostudiow.com.br\/site\/wp-content\/uploads\/2025\/06\/BARROS.png\" alt=\"\" class=\"wp-image-39575\" srcset=\"https:\/\/radiostudiow.com.br\/site\/wp-content\/uploads\/2025\/06\/BARROS.png 897w, https:\/\/radiostudiow.com.br\/site\/wp-content\/uploads\/2025\/06\/BARROS-300x68.png 300w, https:\/\/radiostudiow.com.br\/site\/wp-content\/uploads\/2025\/06\/BARROS-768x175.png 768w\" sizes=\"auto, (max-width: 897px) 100vw, 897px\" \/><\/figure>\n\n\n\n<p>Ao chegar ao endere\u00e7o indicado, os policiais localizaram o suspeito em sua resid\u00eancia. Ele foi abordado e identificado como o respons\u00e1vel pelos atos de viol\u00eancia. De acordo com o boletim de ocorr\u00eancia, o homem teria quebrado placas de gera\u00e7\u00e3o de energia solar instaladas na propriedade e tamb\u00e9m danificado os retrovisores de uma motocicleta pertencente \u00e0 fam\u00edlia.<\/p>\n\n\n\n<p class=\"has-medium-font-size\"><strong>Diante de todas as evid\u00eancias, o suspeito foi conduzido \u00e0 41\u00aa Delegacia de Pol\u00edcia para os procedimentos cab\u00edveis. A Pol\u00edcia Civil agora dar\u00e1 continuidade \u00e0s investiga\u00e7\u00f5es.<\/strong><\/p>\n\n\n\n<p><\/p>\n\n\n\n<h2 class=\"wp-block-heading\"><strong>Informa\u00e7\u00f5es da 8\u00aa CIA da PMPR &#8211; Rep\u00f3rter Kiko de Oliveira<\/strong><\/h2>\n\n\n\n<p><\/p>\n","protected":false},"excerpt":{"rendered":"<p>&nbsp;Pol\u00edcia Militar localizou o suspeito na comunidade de Pinhalzinho Um caso de les\u00e3o corporal e danos materiais mobilizou a Pol\u00edcia Militar de Rio Azul na noite desta ter\u00e7a-feira, 18 de novembro. Por volta das 21h30, um homem procurou o destacamento policial para denunciar que havia sido agredido pelo pr\u00f3prio tio, que, segundo ele, estava completamente [&hellip;]<\/p>\n","protected":false},"author":2,"featured_media":44837,"comment_status":"open","ping_status":"open","sticky":false,"template":"","format":"standard","meta":{"footnotes":""},"categories":[185],"tags":[172],"class_list":["post-44883","post","type-post","status-publish","format-standard","has-post-thumbnail","hentry","category-regional","tag-featured"],"amp_enabled":true,"_links":{"self":[{"href":"https:\/\/radiostudiow.com.br\/site\/wp-json\/wp\/v2\/posts\/44883","targetHints":{"allow":["GET"]}}],"collection":[{"href":"https:\/\/radiostudiow.com.br\/site\/wp-json\/wp\/v2\/posts"}],"about":[{"href":"https:\/\/radiostudiow.com.br\/site\/wp-json\/wp\/v2\/types\/post"}],"author":[{"embeddable":true,"href":"https:\/\/radiostudiow.com.br\/site\/wp-json\/wp\/v2\/users\/2"}],"replies":[{"embeddable":true,"href":"https:\/\/radiostudiow.com.br\/site\/wp-json\/wp\/v2\/comments?post=44883"}],"version-history":[{"count":1,"href":"https:\/\/radiostudiow.com.br\/site\/wp-json\/wp\/v2\/posts\/44883\/revisions"}],"predecessor-version":[{"id":44884,"href":"https:\/\/radiostudiow.com.br\/site\/wp-json\/wp\/v2\/posts\/44883\/revisions\/44884"}],"wp:featuredmedia":[{"embeddable":true,"href":"https:\/\/radiostudiow.com.br\/site\/wp-json\/wp\/v2\/media\/44837"}],"wp:attachment":[{"href":"https:\/\/radiostudiow.com.br\/site\/wp-json\/wp\/v2\/media?parent=44883"}],"wp:term":[{"taxonomy":"category","embeddable":true,"href":"https:\/\/radiostudiow.com.br\/site\/wp-json\/wp\/v2\/categories?post=44883"},{"taxonomy":"post_tag","embeddable":true,"href":"https:\/\/radiostudiow.com.br\/site\/wp-json\/wp\/v2\/tags?post=44883"}],"curies":[{"name":"wp","href":"https:\/\/api.w.org\/{rel}","templated":true}]}}