{"id":44885,"date":"2025-11-19T15:07:40","date_gmt":"2025-11-19T18:07:40","guid":{"rendered":"https:\/\/radiostudiow.com.br\/site\/?p=44885"},"modified":"2025-11-19T15:07:41","modified_gmt":"2025-11-19T18:07:41","slug":"general-carneiro-policia-militar-prende-homem-por-trafico-de-drogas-na-br-153","status":"publish","type":"post","link":"https:\/\/radiostudiow.com.br\/site\/2025\/11\/19\/general-carneiro-policia-militar-prende-homem-por-trafico-de-drogas-na-br-153\/","title":{"rendered":"General Carneiro: Pol\u00edcia Militar Prende Homem por Tr\u00e1fico de Drogas na BR-153"},"content":{"rendered":"\n<figure class=\"wp-block-image size-full\"><img loading=\"lazy\" decoding=\"async\" width=\"897\" height=\"204\" src=\"https:\/\/radiostudiow.com.br\/site\/wp-content\/uploads\/2025\/03\/BARAO-NOVO-NOTICIAS-1.jpg\" alt=\"\" class=\"wp-image-35084\" srcset=\"https:\/\/radiostudiow.com.br\/site\/wp-content\/uploads\/2025\/03\/BARAO-NOVO-NOTICIAS-1.jpg 897w, https:\/\/radiostudiow.com.br\/site\/wp-content\/uploads\/2025\/03\/BARAO-NOVO-NOTICIAS-1-300x68.jpg 300w, https:\/\/radiostudiow.com.br\/site\/wp-content\/uploads\/2025\/03\/BARAO-NOVO-NOTICIAS-1-768x175.jpg 768w\" sizes=\"auto, (max-width: 897px) 100vw, 897px\" \/><\/figure>\n\n\n\n<p>A Pol\u00edcia Militar de General Carneiro prendeu um homem por tr\u00e1fico de drogas na tarde desta ter\u00e7a-feira (18), durante patrulhamento de rotina na BR-153. A a\u00e7\u00e3o ocorreu por volta das 12h30min, na sa\u00edda da cidade.<\/p>\n\n\n\n<p>De acordo com o boletim, os policiais abordaram um indiv\u00edduo que apresentou atitude suspeita. Durante a revista pessoal, foram encontradas diversas por\u00e7\u00f5es de subst\u00e2ncias an\u00e1logas a maconha e crack, j\u00e1 fracionadas e prontas para comercializa\u00e7\u00e3o.<\/p>\n\n\n\n<figure class=\"wp-block-image size-full\"><img loading=\"lazy\" decoding=\"async\" width=\"731\" height=\"204\" src=\"https:\/\/radiostudiow.com.br\/site\/wp-content\/uploads\/2025\/10\/ZAIONS.png\" alt=\"\" class=\"wp-image-44147\" srcset=\"https:\/\/radiostudiow.com.br\/site\/wp-content\/uploads\/2025\/10\/ZAIONS.png 731w, https:\/\/radiostudiow.com.br\/site\/wp-content\/uploads\/2025\/10\/ZAIONS-300x84.png 300w\" sizes=\"auto, (max-width: 731px) 100vw, 731px\" \/><\/figure>\n\n\n\n<p>Diante da constata\u00e7\u00e3o do crime, o suspeito recebeu voz de pris\u00e3o em flagrante. Ele foi encaminhado \u00e0 4\u00aa Subdivis\u00e3o Policial (SDP) para os procedimentos legais cab\u00edveis.<\/p>\n\n\n\n<p><\/p>\n\n\n\n<h2 class=\"wp-block-heading\">Fonte:27\u00ba BPMPR<\/h2>\n\n\n\n<p><\/p>\n","protected":false},"excerpt":{"rendered":"<p>A Pol\u00edcia Militar de General Carneiro prendeu um homem por tr\u00e1fico de drogas na tarde desta ter\u00e7a-feira (18), durante patrulhamento de rotina na BR-153. A a\u00e7\u00e3o ocorreu por volta das 12h30min, na sa\u00edda da cidade. De acordo com o boletim, os policiais abordaram um indiv\u00edduo que apresentou atitude suspeita. Durante a revista pessoal, foram encontradas [&hellip;]<\/p>\n","protected":false},"author":2,"featured_media":44886,"comment_status":"open","ping_status":"open","sticky":false,"template":"","format":"standard","meta":{"footnotes":""},"categories":[2],"tags":[172],"class_list":["post-44885","post","type-post","status-publish","format-standard","has-post-thumbnail","hentry","category-policial","tag-featured"],"amp_enabled":true,"_links":{"self":[{"href":"https:\/\/radiostudiow.com.br\/site\/wp-json\/wp\/v2\/posts\/44885","targetHints":{"allow":["GET"]}}],"collection":[{"href":"https:\/\/radiostudiow.com.br\/site\/wp-json\/wp\/v2\/posts"}],"about":[{"href":"https:\/\/radiostudiow.com.br\/site\/wp-json\/wp\/v2\/types\/post"}],"author":[{"embeddable":true,"href":"https:\/\/radiostudiow.com.br\/site\/wp-json\/wp\/v2\/users\/2"}],"replies":[{"embeddable":true,"href":"https:\/\/radiostudiow.com.br\/site\/wp-json\/wp\/v2\/comments?post=44885"}],"version-history":[{"count":1,"href":"https:\/\/radiostudiow.com.br\/site\/wp-json\/wp\/v2\/posts\/44885\/revisions"}],"predecessor-version":[{"id":44887,"href":"https:\/\/radiostudiow.com.br\/site\/wp-json\/wp\/v2\/posts\/44885\/revisions\/44887"}],"wp:featuredmedia":[{"embeddable":true,"href":"https:\/\/radiostudiow.com.br\/site\/wp-json\/wp\/v2\/media\/44886"}],"wp:attachment":[{"href":"https:\/\/radiostudiow.com.br\/site\/wp-json\/wp\/v2\/media?parent=44885"}],"wp:term":[{"taxonomy":"category","embeddable":true,"href":"https:\/\/radiostudiow.com.br\/site\/wp-json\/wp\/v2\/categories?post=44885"},{"taxonomy":"post_tag","embeddable":true,"href":"https:\/\/radiostudiow.com.br\/site\/wp-json\/wp\/v2\/tags?post=44885"}],"curies":[{"name":"wp","href":"https:\/\/api.w.org\/{rel}","templated":true}]}}