{"id":44888,"date":"2025-11-19T15:15:57","date_gmt":"2025-11-19T18:15:57","guid":{"rendered":"https:\/\/radiostudiow.com.br\/site\/?p=44888"},"modified":"2025-11-19T15:15:57","modified_gmt":"2025-11-19T18:15:57","slug":"paula-freitas-homem-e-detido-com-arma-e-drogas-na-comunidade-faxinal","status":"publish","type":"post","link":"https:\/\/radiostudiow.com.br\/site\/2025\/11\/19\/paula-freitas-homem-e-detido-com-arma-e-drogas-na-comunidade-faxinal\/","title":{"rendered":"Paula Freitas: Homem \u00e9 Detido Com Arma e Drogas na Comunidade Faxinal"},"content":{"rendered":"\n<figure class=\"wp-block-image size-full is-resized\"><img loading=\"lazy\" decoding=\"async\" width=\"1024\" height=\"591\" src=\"https:\/\/radiostudiow.com.br\/site\/wp-content\/uploads\/2025\/09\/CASA-DO-CRIADOR.png\" alt=\"\" class=\"wp-image-42859\" style=\"width:420px;height:auto\" srcset=\"https:\/\/radiostudiow.com.br\/site\/wp-content\/uploads\/2025\/09\/CASA-DO-CRIADOR.png 1024w, https:\/\/radiostudiow.com.br\/site\/wp-content\/uploads\/2025\/09\/CASA-DO-CRIADOR-300x173.png 300w, https:\/\/radiostudiow.com.br\/site\/wp-content\/uploads\/2025\/09\/CASA-DO-CRIADOR-768x443.png 768w\" sizes=\"auto, (max-width: 1024px) 100vw, 1024px\" \/><\/figure>\n\n\n\n<p>Um homem foi preso pela Pol\u00edcia Militar de Paula Freitas na noite de ter\u00e7a-feira (18) por porte ilegal de arma de fogo e posse de drogas. A ocorr\u00eancia foi registrada por volta das 21h20min, na Col\u00f4nia Faxinal.<\/p>\n\n\n\n<p>A equipe policial foi acionada ap\u00f3s receber den\u00fancia de que um indiv\u00edduo estaria circulando armado pela estrada da comunidade. No local, os policiais localizaram o suspeito e realizaram a abordagem.<\/p>\n\n\n\n<figure class=\"wp-block-image size-full\"><img loading=\"lazy\" decoding=\"async\" width=\"598\" height=\"204\" src=\"https:\/\/radiostudiow.com.br\/site\/wp-content\/uploads\/2025\/04\/BOROX.png\" alt=\"\" class=\"wp-image-37229\" srcset=\"https:\/\/radiostudiow.com.br\/site\/wp-content\/uploads\/2025\/04\/BOROX.png 598w, https:\/\/radiostudiow.com.br\/site\/wp-content\/uploads\/2025\/04\/BOROX-300x102.png 300w\" sizes=\"auto, (max-width: 598px) 100vw, 598px\" \/><\/figure>\n\n\n\n<p>Durante a revista, foi encontrado um rev\u00f3lver calibre .22, municiado com nove muni\u00e7\u00f5es, al\u00e9m de uma bucha de coca\u00edna. Diante dos fatos, o homem recebeu voz de pris\u00e3o e foi encaminhado \u00e0 4\u00aa Subdivis\u00e3o Policial (SDP), onde permanece \u00e0 disposi\u00e7\u00e3o da Justi\u00e7a.<\/p>\n\n\n\n<p><\/p>\n\n\n\n<h2 class=\"wp-block-heading\">Fonte:27\u00ba BPMPR<\/h2>\n","protected":false},"excerpt":{"rendered":"<p>Um homem foi preso pela Pol\u00edcia Militar de Paula Freitas na noite de ter\u00e7a-feira (18) por porte ilegal de arma de fogo e posse de drogas. A ocorr\u00eancia foi registrada por volta das 21h20min, na Col\u00f4nia Faxinal. A equipe policial foi acionada ap\u00f3s receber den\u00fancia de que um indiv\u00edduo estaria circulando armado pela estrada da [&hellip;]<\/p>\n","protected":false},"author":2,"featured_media":44889,"comment_status":"open","ping_status":"open","sticky":false,"template":"","format":"standard","meta":{"footnotes":""},"categories":[2],"tags":[172],"class_list":["post-44888","post","type-post","status-publish","format-standard","has-post-thumbnail","hentry","category-policial","tag-featured"],"amp_enabled":true,"_links":{"self":[{"href":"https:\/\/radiostudiow.com.br\/site\/wp-json\/wp\/v2\/posts\/44888","targetHints":{"allow":["GET"]}}],"collection":[{"href":"https:\/\/radiostudiow.com.br\/site\/wp-json\/wp\/v2\/posts"}],"about":[{"href":"https:\/\/radiostudiow.com.br\/site\/wp-json\/wp\/v2\/types\/post"}],"author":[{"embeddable":true,"href":"https:\/\/radiostudiow.com.br\/site\/wp-json\/wp\/v2\/users\/2"}],"replies":[{"embeddable":true,"href":"https:\/\/radiostudiow.com.br\/site\/wp-json\/wp\/v2\/comments?post=44888"}],"version-history":[{"count":1,"href":"https:\/\/radiostudiow.com.br\/site\/wp-json\/wp\/v2\/posts\/44888\/revisions"}],"predecessor-version":[{"id":44890,"href":"https:\/\/radiostudiow.com.br\/site\/wp-json\/wp\/v2\/posts\/44888\/revisions\/44890"}],"wp:featuredmedia":[{"embeddable":true,"href":"https:\/\/radiostudiow.com.br\/site\/wp-json\/wp\/v2\/media\/44889"}],"wp:attachment":[{"href":"https:\/\/radiostudiow.com.br\/site\/wp-json\/wp\/v2\/media?parent=44888"}],"wp:term":[{"taxonomy":"category","embeddable":true,"href":"https:\/\/radiostudiow.com.br\/site\/wp-json\/wp\/v2\/categories?post=44888"},{"taxonomy":"post_tag","embeddable":true,"href":"https:\/\/radiostudiow.com.br\/site\/wp-json\/wp\/v2\/tags?post=44888"}],"curies":[{"name":"wp","href":"https:\/\/api.w.org\/{rel}","templated":true}]}}