{"id":44891,"date":"2025-11-19T15:25:48","date_gmt":"2025-11-19T18:25:48","guid":{"rendered":"https:\/\/radiostudiow.com.br\/site\/?p=44891"},"modified":"2025-11-19T15:25:48","modified_gmt":"2025-11-19T18:25:48","slug":"dois-homens-sao-presos-por-trafico-de-drogas-em-sao-mateus-do-sul","status":"publish","type":"post","link":"https:\/\/radiostudiow.com.br\/site\/2025\/11\/19\/dois-homens-sao-presos-por-trafico-de-drogas-em-sao-mateus-do-sul\/","title":{"rendered":"Dois Homens S\u00e3o Presos por Tr\u00e1fico de Drogas em S\u00e3o Mateus do Sul"},"content":{"rendered":"\n<figure class=\"wp-block-image size-full\"><img loading=\"lazy\" decoding=\"async\" width=\"598\" height=\"204\" src=\"https:\/\/radiostudiow.com.br\/site\/wp-content\/uploads\/2025\/01\/SITE-MEDIO7.png\" alt=\"\" class=\"wp-image-32801\" srcset=\"https:\/\/radiostudiow.com.br\/site\/wp-content\/uploads\/2025\/01\/SITE-MEDIO7.png 598w, https:\/\/radiostudiow.com.br\/site\/wp-content\/uploads\/2025\/01\/SITE-MEDIO7-300x102.png 300w\" sizes=\"auto, (max-width: 598px) 100vw, 598px\" \/><\/figure>\n\n\n\n<p>A Pol\u00edcia Militar de S\u00e3o Mateus do Sul prendeu dois homens suspeitos de tr\u00e1fico de drogas na tarde desta ter\u00e7a-feira (18). A a\u00e7\u00e3o ocorreu por volta das 12h30min, no local conhecido como Beco do Capim, e contou com apoio da equipe ROTAM durante opera\u00e7\u00e3o conjunta com a Pol\u00edcia Civil. <\/p>\n\n\n\n<p>Segundo informa\u00e7\u00f5es do boletim, a abordagem foi realizada a um autom\u00f3vel Peugeot 206, onde estavam dois ocupantes. Durante a revista, os policiais encontraram um inv\u00f3lucro contendo aproximadamente 50 gramas de subst\u00e2ncia an\u00e1loga \u00e0 coca\u00edna.<\/p>\n\n\n\n<p>As buscas continuaram em uma \u00e1rea de mata pr\u00f3xima ao local. Em meio \u00e0 vegeta\u00e7\u00e3o, dentro de uma mochila, foram encontrados um pote contendo outras por\u00e7\u00f5es de entorpecentes, incluindo crack, coca\u00edna e comprimidos de ecstasy.<\/p>\n\n\n\n<figure class=\"wp-block-gallery has-nested-images columns-default is-cropped wp-block-gallery-1 is-layout-flex wp-block-gallery-is-layout-flex\">\n<figure class=\"wp-block-image size-large\"><img loading=\"lazy\" decoding=\"async\" width=\"300\" height=\"180\" data-id=\"38684\" src=\"https:\/\/radiostudiow.com.br\/site\/wp-content\/uploads\/2025\/05\/SITE-PEQUENO.jpg\" alt=\"\" class=\"wp-image-38684\"\/><\/figure>\n\n\n\n<figure class=\"wp-block-image size-large\"><img loading=\"lazy\" decoding=\"async\" width=\"300\" height=\"180\" data-id=\"38014\" src=\"https:\/\/radiostudiow.com.br\/site\/wp-content\/uploads\/2025\/05\/VANE.png\" alt=\"\" class=\"wp-image-38014\"\/><\/figure>\n<\/figure>\n\n\n\n<p>Diante do flagrante, os dois suspeitos, juntamente com as drogas apreendidas, foram encaminhados \u00e0 3\u00aa Subdivis\u00e3o Policial (SDP) para as medidas de pol\u00edcia judici\u00e1ria.<\/p>\n\n\n\n<p><\/p>\n\n\n\n<h2 class=\"wp-block-heading\">Fonte: 27\u00ba BPMPR<\/h2>\n\n\n\n<p><\/p>\n","protected":false},"excerpt":{"rendered":"<p>A Pol\u00edcia Militar de S\u00e3o Mateus do Sul prendeu dois homens suspeitos de tr\u00e1fico de drogas na tarde desta ter\u00e7a-feira (18). A a\u00e7\u00e3o ocorreu por volta das 12h30min, no local conhecido como Beco do Capim, e contou com apoio da equipe ROTAM durante opera\u00e7\u00e3o conjunta com a Pol\u00edcia Civil. Segundo informa\u00e7\u00f5es do boletim, a abordagem [&hellip;]<\/p>\n","protected":false},"author":2,"featured_media":44892,"comment_status":"open","ping_status":"open","sticky":false,"template":"","format":"standard","meta":{"footnotes":""},"categories":[2],"tags":[172],"class_list":["post-44891","post","type-post","status-publish","format-standard","has-post-thumbnail","hentry","category-policial","tag-featured"],"amp_enabled":true,"_links":{"self":[{"href":"https:\/\/radiostudiow.com.br\/site\/wp-json\/wp\/v2\/posts\/44891","targetHints":{"allow":["GET"]}}],"collection":[{"href":"https:\/\/radiostudiow.com.br\/site\/wp-json\/wp\/v2\/posts"}],"about":[{"href":"https:\/\/radiostudiow.com.br\/site\/wp-json\/wp\/v2\/types\/post"}],"author":[{"embeddable":true,"href":"https:\/\/radiostudiow.com.br\/site\/wp-json\/wp\/v2\/users\/2"}],"replies":[{"embeddable":true,"href":"https:\/\/radiostudiow.com.br\/site\/wp-json\/wp\/v2\/comments?post=44891"}],"version-history":[{"count":1,"href":"https:\/\/radiostudiow.com.br\/site\/wp-json\/wp\/v2\/posts\/44891\/revisions"}],"predecessor-version":[{"id":44893,"href":"https:\/\/radiostudiow.com.br\/site\/wp-json\/wp\/v2\/posts\/44891\/revisions\/44893"}],"wp:featuredmedia":[{"embeddable":true,"href":"https:\/\/radiostudiow.com.br\/site\/wp-json\/wp\/v2\/media\/44892"}],"wp:attachment":[{"href":"https:\/\/radiostudiow.com.br\/site\/wp-json\/wp\/v2\/media?parent=44891"}],"wp:term":[{"taxonomy":"category","embeddable":true,"href":"https:\/\/radiostudiow.com.br\/site\/wp-json\/wp\/v2\/categories?post=44891"},{"taxonomy":"post_tag","embeddable":true,"href":"https:\/\/radiostudiow.com.br\/site\/wp-json\/wp\/v2\/tags?post=44891"}],"curies":[{"name":"wp","href":"https:\/\/api.w.org\/{rel}","templated":true}]}}