{"id":44900,"date":"2025-11-19T17:29:24","date_gmt":"2025-11-19T20:29:24","guid":{"rendered":"https:\/\/radiostudiow.com.br\/site\/?p=44900"},"modified":"2025-11-19T17:34:20","modified_gmt":"2025-11-19T20:34:20","slug":"mae-e-filha-ficam-feridas-depois-de-colisao-entre-motocicleta-e-carro-em-porto-uniao","status":"publish","type":"post","link":"https:\/\/radiostudiow.com.br\/site\/2025\/11\/19\/mae-e-filha-ficam-feridas-depois-de-colisao-entre-motocicleta-e-carro-em-porto-uniao\/","title":{"rendered":"M\u00e3e e filha ficam feridas depois de colis\u00e3o entre motocicleta e carro em Porto Uni\u00e3o"},"content":{"rendered":"\n<figure class=\"wp-block-image size-full\"><img loading=\"lazy\" decoding=\"async\" width=\"897\" height=\"204\" src=\"https:\/\/radiostudiow.com.br\/site\/wp-content\/uploads\/2025\/06\/BARROS.png\" alt=\"\" class=\"wp-image-39575\" srcset=\"https:\/\/radiostudiow.com.br\/site\/wp-content\/uploads\/2025\/06\/BARROS.png 897w, https:\/\/radiostudiow.com.br\/site\/wp-content\/uploads\/2025\/06\/BARROS-300x68.png 300w, https:\/\/radiostudiow.com.br\/site\/wp-content\/uploads\/2025\/06\/BARROS-768x175.png 768w\" sizes=\"auto, (max-width: 897px) 100vw, 897px\" \/><\/figure>\n\n\n\n<p>M\u00e3e e filha ficaram feridas ap\u00f3s uma colis\u00e3o envolvendo uma Honda Biz roxa e um Ford Ka Sedan branco em Porto Uni\u00e3o na manh\u00e3 desta quarta-feira (19).<\/p>\n\n\n\n<p>A colis\u00e3o ocorreu na rua Francisco de Paula Dias, esquina com a professor Weinand, no Santa Rosa.<\/p>\n\n\n\n<p>M\u00e3e e filha estavam na motocicleta e sofreram ferimentos sem gravidade. Elas foram atendidas pelo Corpo de Bombeiros e encaminhadas para avalia\u00e7\u00e3o m\u00e9dica.<\/p>\n\n\n\n<p>A Pol\u00edcia Militar registrou o boletim de ocorr\u00eancia.<\/p>\n\n\n\n<p><em>Fonte e Foto: Assis O Rep\u00f3rter<\/em><\/p>\n","protected":false},"excerpt":{"rendered":"<p>M\u00e3e e filha ficaram feridas ap\u00f3s uma colis\u00e3o envolvendo uma Honda Biz roxa e um Ford Ka Sedan branco em Porto Uni\u00e3o na manh\u00e3 desta quarta-feira (19). A colis\u00e3o ocorreu na rua Francisco de Paula Dias, esquina com a professor Weinand, no Santa Rosa. M\u00e3e e filha estavam na motocicleta e sofreram ferimentos sem gravidade. [&hellip;]<\/p>\n","protected":false},"author":2,"featured_media":44901,"comment_status":"open","ping_status":"open","sticky":false,"template":"","format":"standard","meta":{"footnotes":""},"categories":[185],"tags":[172],"class_list":["post-44900","post","type-post","status-publish","format-standard","has-post-thumbnail","hentry","category-regional","tag-featured"],"amp_enabled":true,"_links":{"self":[{"href":"https:\/\/radiostudiow.com.br\/site\/wp-json\/wp\/v2\/posts\/44900","targetHints":{"allow":["GET"]}}],"collection":[{"href":"https:\/\/radiostudiow.com.br\/site\/wp-json\/wp\/v2\/posts"}],"about":[{"href":"https:\/\/radiostudiow.com.br\/site\/wp-json\/wp\/v2\/types\/post"}],"author":[{"embeddable":true,"href":"https:\/\/radiostudiow.com.br\/site\/wp-json\/wp\/v2\/users\/2"}],"replies":[{"embeddable":true,"href":"https:\/\/radiostudiow.com.br\/site\/wp-json\/wp\/v2\/comments?post=44900"}],"version-history":[{"count":2,"href":"https:\/\/radiostudiow.com.br\/site\/wp-json\/wp\/v2\/posts\/44900\/revisions"}],"predecessor-version":[{"id":44907,"href":"https:\/\/radiostudiow.com.br\/site\/wp-json\/wp\/v2\/posts\/44900\/revisions\/44907"}],"wp:featuredmedia":[{"embeddable":true,"href":"https:\/\/radiostudiow.com.br\/site\/wp-json\/wp\/v2\/media\/44901"}],"wp:attachment":[{"href":"https:\/\/radiostudiow.com.br\/site\/wp-json\/wp\/v2\/media?parent=44900"}],"wp:term":[{"taxonomy":"category","embeddable":true,"href":"https:\/\/radiostudiow.com.br\/site\/wp-json\/wp\/v2\/categories?post=44900"},{"taxonomy":"post_tag","embeddable":true,"href":"https:\/\/radiostudiow.com.br\/site\/wp-json\/wp\/v2\/tags?post=44900"}],"curies":[{"name":"wp","href":"https:\/\/api.w.org\/{rel}","templated":true}]}}