{"id":44903,"date":"2025-11-19T17:33:56","date_gmt":"2025-11-19T20:33:56","guid":{"rendered":"https:\/\/radiostudiow.com.br\/site\/?p=44903"},"modified":"2025-11-19T17:33:57","modified_gmt":"2025-11-19T20:33:57","slug":"gabaritos-do-enem-2025-sao-liberados-apos-suspeita-de-irregularidade","status":"publish","type":"post","link":"https:\/\/radiostudiow.com.br\/site\/2025\/11\/19\/gabaritos-do-enem-2025-sao-liberados-apos-suspeita-de-irregularidade\/","title":{"rendered":"Gabaritos do Enem 2025 s\u00e3o liberados ap\u00f3s suspeita de irregularidade"},"content":{"rendered":"\n<p>O Inep disponibilizou, nesta quarta-feira (19), os gabaritos e os cadernos de quest\u00f5es do segundo dia do Enem 2025. O material, referente \u00e0 aplica\u00e7\u00e3o de domingo (16), j\u00e1 pode ser consultado no portal oficial da autarquia, onde est\u00e1 organizado por cores e tipos de prova.<\/p>\n\n\n\n<h3 class=\"wp-block-heading\">Por que a divulga\u00e7\u00e3o foi antecipada<\/h3>\n\n\n\n<p>A publica\u00e7\u00e3o ocorreria apenas na quinta-feira (20), mas o cronograma foi revisto ap\u00f3s o Inep identificar que tr\u00eas quest\u00f5es eram semelhantes \u00e0s apresentadas por um participante de um pr\u00e9-teste, em uma transmiss\u00e3o ao vivo feita dias antes do exame. Para evitar qualquer questionamento sobre a lisura do processo, os itens foram anulados.<\/p>\n\n\n\n<p>O ministro da Educa\u00e7\u00e3o, Camilo Santana, explicou que a decis\u00e3o foi tomada visando a isonomia entre os candidatos. Ele afirmou que milhares de pessoas tiveram acesso \u00e0 transmiss\u00e3o, o que motivou a revis\u00e3o imediata.<\/p>\n\n\n\n<figure class=\"wp-block-image size-full\"><img loading=\"lazy\" decoding=\"async\" width=\"897\" height=\"204\" src=\"https:\/\/radiostudiow.com.br\/site\/wp-content\/uploads\/2025\/05\/NUTRI-MALLET.png\" alt=\"\" class=\"wp-image-37813\" srcset=\"https:\/\/radiostudiow.com.br\/site\/wp-content\/uploads\/2025\/05\/NUTRI-MALLET.png 897w, https:\/\/radiostudiow.com.br\/site\/wp-content\/uploads\/2025\/05\/NUTRI-MALLET-300x68.png 300w, https:\/\/radiostudiow.com.br\/site\/wp-content\/uploads\/2025\/05\/NUTRI-MALLET-768x175.png 768w\" sizes=\"auto, (max-width: 897px) 100vw, 897px\" \/><\/figure>\n\n\n\n<h3 class=\"wp-block-heading\">PF investigar\u00e1 o poss\u00edvel vazamento<\/h3>\n\n\n\n<p>A suposta divulga\u00e7\u00e3o indevida ser\u00e1 apurada pela Pol\u00edcia Federal. O MEC solicitou que sejam adotadas todas as medidas necess\u00e1rias para esclarecer o caso e identificar eventuais responsabilidades.<\/p>\n\n\n\n<h3 class=\"wp-block-heading\">O que continua valendo no exame<\/h3>\n\n\n\n<p>Com a retirada das tr\u00eas quest\u00f5es, seguem v\u00e1lidos os outros 87 itens aplicados no segundo dia de provas. A reda\u00e7\u00e3o e o conte\u00fado elaborado para os dois dias de exame n\u00e3o sofrem qualquer altera\u00e7\u00e3o.<\/p>\n\n\n\n<p>No domingo, os participantes responderam 90 perguntas, divididas entre 45 de ci\u00eancias da natureza e 45 de matem\u00e1tica. Todas as vers\u00f5es dos cadernos, incluindo as adaptadas para leitores de tela, j\u00e1 est\u00e3o dispon\u00edveis.<\/p>\n\n\n\n<h3 class=\"wp-block-heading\">Sobre a nota do Enem<\/h3>\n\n\n\n<p>O Inep refor\u00e7a que o total de acertos n\u00e3o determina a pontua\u00e7\u00e3o final. A nota \u00e9 calculada pela Teoria de Resposta ao Item (TRI), que avalia o comportamento das respostas e o n\u00edvel de dificuldade de cada quest\u00e3o.<\/p>\n\n\n\n<figure class=\"wp-block-image size-full\"><img loading=\"lazy\" decoding=\"async\" width=\"897\" height=\"204\" src=\"https:\/\/radiostudiow.com.br\/site\/wp-content\/uploads\/2025\/02\/SITE-GRANDE7.png\" alt=\"\" class=\"wp-image-33861\" srcset=\"https:\/\/radiostudiow.com.br\/site\/wp-content\/uploads\/2025\/02\/SITE-GRANDE7.png 897w, https:\/\/radiostudiow.com.br\/site\/wp-content\/uploads\/2025\/02\/SITE-GRANDE7-300x68.png 300w, https:\/\/radiostudiow.com.br\/site\/wp-content\/uploads\/2025\/02\/SITE-GRANDE7-768x175.png 768w\" sizes=\"auto, (max-width: 897px) 100vw, 897px\" \/><\/figure>\n\n\n\n<h3 class=\"wp-block-heading\">Participa\u00e7\u00e3o e estrutura da aplica\u00e7\u00e3o<\/h3>\n\n\n\n<p>O Enem 2025 mobilizou cerca de 165 mil salas de aula em 1.805 munic\u00edpios de todas as unidades da federa\u00e7\u00e3o. Segundo o MEC, aproximadamente 70% dos 4,81 milh\u00f5es de inscritos compareceram aos dois dias de avalia\u00e7\u00e3o.<\/p>\n\n\n\n<h3 class=\"wp-block-heading\">Reaplica\u00e7\u00e3o: quem pode solicitar<\/h3>\n\n\n\n<p>Candidatos que enfrentaram problemas log\u00edsticos ou estavam com doen\u00e7as infectocontagiosas podem pedir a reaplica\u00e7\u00e3o das provas, marcada para 16 e 17 de dezembro. Moradores de Rio Bonito do Igua\u00e7u (PR), onde um tornado impediu a aplica\u00e7\u00e3o no dia oficial, tamb\u00e9m t\u00eam direito ao pedido.<\/p>\n\n\n\n<p>As solicita\u00e7\u00f5es devem ser feitas exclusivamente pela P\u00e1gina do Participante at\u00e9 as 12h de sexta-feira (21).<\/p>\n","protected":false},"excerpt":{"rendered":"<p>O Inep disponibilizou, nesta quarta-feira (19), os gabaritos e os cadernos de quest\u00f5es do segundo dia do Enem 2025. O material, referente \u00e0 aplica\u00e7\u00e3o de domingo (16), j\u00e1 pode ser consultado no portal oficial da autarquia, onde est\u00e1 organizado por cores e tipos de prova. Por que a divulga\u00e7\u00e3o foi antecipada A publica\u00e7\u00e3o ocorreria apenas [&hellip;]<\/p>\n","protected":false},"author":2,"featured_media":44904,"comment_status":"open","ping_status":"open","sticky":false,"template":"","format":"standard","meta":{"footnotes":""},"categories":[185],"tags":[172],"class_list":["post-44903","post","type-post","status-publish","format-standard","has-post-thumbnail","hentry","category-regional","tag-featured"],"amp_enabled":true,"_links":{"self":[{"href":"https:\/\/radiostudiow.com.br\/site\/wp-json\/wp\/v2\/posts\/44903","targetHints":{"allow":["GET"]}}],"collection":[{"href":"https:\/\/radiostudiow.com.br\/site\/wp-json\/wp\/v2\/posts"}],"about":[{"href":"https:\/\/radiostudiow.com.br\/site\/wp-json\/wp\/v2\/types\/post"}],"author":[{"embeddable":true,"href":"https:\/\/radiostudiow.com.br\/site\/wp-json\/wp\/v2\/users\/2"}],"replies":[{"embeddable":true,"href":"https:\/\/radiostudiow.com.br\/site\/wp-json\/wp\/v2\/comments?post=44903"}],"version-history":[{"count":1,"href":"https:\/\/radiostudiow.com.br\/site\/wp-json\/wp\/v2\/posts\/44903\/revisions"}],"predecessor-version":[{"id":44905,"href":"https:\/\/radiostudiow.com.br\/site\/wp-json\/wp\/v2\/posts\/44903\/revisions\/44905"}],"wp:featuredmedia":[{"embeddable":true,"href":"https:\/\/radiostudiow.com.br\/site\/wp-json\/wp\/v2\/media\/44904"}],"wp:attachment":[{"href":"https:\/\/radiostudiow.com.br\/site\/wp-json\/wp\/v2\/media?parent=44903"}],"wp:term":[{"taxonomy":"category","embeddable":true,"href":"https:\/\/radiostudiow.com.br\/site\/wp-json\/wp\/v2\/categories?post=44903"},{"taxonomy":"post_tag","embeddable":true,"href":"https:\/\/radiostudiow.com.br\/site\/wp-json\/wp\/v2\/tags?post=44903"}],"curies":[{"name":"wp","href":"https:\/\/api.w.org\/{rel}","templated":true}]}}