{"id":44915,"date":"2025-11-22T09:46:41","date_gmt":"2025-11-22T12:46:41","guid":{"rendered":"https:\/\/radiostudiow.com.br\/site\/?p=44915"},"modified":"2025-11-22T09:46:41","modified_gmt":"2025-11-22T12:46:41","slug":"policia-militar-prende-homem-com-mandado-de-prisao-e-por-porte-de-arma-em-sao-mateus-do-sul","status":"publish","type":"post","link":"https:\/\/radiostudiow.com.br\/site\/2025\/11\/22\/policia-militar-prende-homem-com-mandado-de-prisao-e-por-porte-de-arma-em-sao-mateus-do-sul\/","title":{"rendered":"POL\u00cdCIA MILITAR PRENDE HOMEM COM MANDADO DE PRIS\u00c3O E POR PORTE DE ARMA EM S\u00c3O MATEUS DO SUL"},"content":{"rendered":"\n<figure class=\"wp-block-image size-full\"><img loading=\"lazy\" decoding=\"async\" width=\"897\" height=\"204\" src=\"https:\/\/radiostudiow.com.br\/site\/wp-content\/uploads\/2025\/02\/SITE-GRANDE7.png\" alt=\"\" class=\"wp-image-33861\" srcset=\"https:\/\/radiostudiow.com.br\/site\/wp-content\/uploads\/2025\/02\/SITE-GRANDE7.png 897w, https:\/\/radiostudiow.com.br\/site\/wp-content\/uploads\/2025\/02\/SITE-GRANDE7-300x68.png 300w, https:\/\/radiostudiow.com.br\/site\/wp-content\/uploads\/2025\/02\/SITE-GRANDE7-768x175.png 768w\" sizes=\"auto, (max-width: 897px) 100vw, 897px\" \/><\/figure>\n\n\n\n<p>Durante patrulhamento da equipe da ROTAM pela \u00e1rea rural, recebeu informa\u00e7\u00f5es da Ag\u00eancia Local de Intelig\u00eancia e da Patrulha Rural, indicando que um indiv\u00edduo com mandado de pris\u00e3o ativo se encontrava na localidade de Estiva, interior de S\u00e3o Mateus do Sul.<br><br>Diante das informa\u00e7\u00f5es, a equipe deslocou-se at\u00e9 o local indicado, onde foi visualizado um indiv\u00edduo em frente \u00e0 resid\u00eancia por volta das 19h55min dessa quarta-feira (19).<\/p>\n\n\n\n<figure class=\"wp-block-image size-full\"><img loading=\"lazy\" decoding=\"async\" width=\"897\" height=\"207\" src=\"https:\/\/radiostudiow.com.br\/site\/wp-content\/uploads\/2025\/07\/TIJOLAO.png\" alt=\"\" class=\"wp-image-40184\" srcset=\"https:\/\/radiostudiow.com.br\/site\/wp-content\/uploads\/2025\/07\/TIJOLAO.png 897w, https:\/\/radiostudiow.com.br\/site\/wp-content\/uploads\/2025\/07\/TIJOLAO-300x69.png 300w, https:\/\/radiostudiow.com.br\/site\/wp-content\/uploads\/2025\/07\/TIJOLAO-768x177.png 768w\" sizes=\"auto, (max-width: 897px) 100vw, 897px\" \/><\/figure>\n\n\n\n<p><br><br>Realizada a abordagem e identifica\u00e7\u00e3o, constatou-se tratar-se do masculino como possuidor de um mandado de pris\u00e3o por pens\u00e3o aliment\u00edcia.<br><br>Durante averigua\u00e7\u00e3o, foi localizado uma arma de fogo tipo espingarda, calibre 36, sem marca em sua resid\u00eancia.<br><br>Diante dos fatos, a equipe procedeu ao cumprimento de mandado de pris\u00e3o e a apreens\u00e3o da arma de fogo, e fez o encaminhado at\u00e9 a delegacia de Pol\u00edcia Civil.<br><br>Fonte: 27\u00b0 BPM\u00a0<\/p>\n","protected":false},"excerpt":{"rendered":"<p>Durante patrulhamento da equipe da ROTAM pela \u00e1rea rural, recebeu informa\u00e7\u00f5es da Ag\u00eancia Local de Intelig\u00eancia e da Patrulha Rural, indicando que um indiv\u00edduo com mandado de pris\u00e3o ativo se encontrava na localidade de Estiva, interior de S\u00e3o Mateus do Sul. Diante das informa\u00e7\u00f5es, a equipe deslocou-se at\u00e9 o local indicado, onde foi visualizado um [&hellip;]<\/p>\n","protected":false},"author":2,"featured_media":44916,"comment_status":"open","ping_status":"open","sticky":false,"template":"","format":"standard","meta":{"footnotes":""},"categories":[2],"tags":[172],"class_list":["post-44915","post","type-post","status-publish","format-standard","has-post-thumbnail","hentry","category-policial","tag-featured"],"amp_enabled":true,"_links":{"self":[{"href":"https:\/\/radiostudiow.com.br\/site\/wp-json\/wp\/v2\/posts\/44915","targetHints":{"allow":["GET"]}}],"collection":[{"href":"https:\/\/radiostudiow.com.br\/site\/wp-json\/wp\/v2\/posts"}],"about":[{"href":"https:\/\/radiostudiow.com.br\/site\/wp-json\/wp\/v2\/types\/post"}],"author":[{"embeddable":true,"href":"https:\/\/radiostudiow.com.br\/site\/wp-json\/wp\/v2\/users\/2"}],"replies":[{"embeddable":true,"href":"https:\/\/radiostudiow.com.br\/site\/wp-json\/wp\/v2\/comments?post=44915"}],"version-history":[{"count":1,"href":"https:\/\/radiostudiow.com.br\/site\/wp-json\/wp\/v2\/posts\/44915\/revisions"}],"predecessor-version":[{"id":44917,"href":"https:\/\/radiostudiow.com.br\/site\/wp-json\/wp\/v2\/posts\/44915\/revisions\/44917"}],"wp:featuredmedia":[{"embeddable":true,"href":"https:\/\/radiostudiow.com.br\/site\/wp-json\/wp\/v2\/media\/44916"}],"wp:attachment":[{"href":"https:\/\/radiostudiow.com.br\/site\/wp-json\/wp\/v2\/media?parent=44915"}],"wp:term":[{"taxonomy":"category","embeddable":true,"href":"https:\/\/radiostudiow.com.br\/site\/wp-json\/wp\/v2\/categories?post=44915"},{"taxonomy":"post_tag","embeddable":true,"href":"https:\/\/radiostudiow.com.br\/site\/wp-json\/wp\/v2\/tags?post=44915"}],"curies":[{"name":"wp","href":"https:\/\/api.w.org\/{rel}","templated":true}]}}