{"id":44925,"date":"2025-11-22T10:26:54","date_gmt":"2025-11-22T13:26:54","guid":{"rendered":"https:\/\/radiostudiow.com.br\/site\/?p=44925"},"modified":"2025-11-22T10:26:55","modified_gmt":"2025-11-22T13:26:55","slug":"policia-militar-cumpre-mandado-de-prisao-em-general-carneiro-6","status":"publish","type":"post","link":"https:\/\/radiostudiow.com.br\/site\/2025\/11\/22\/policia-militar-cumpre-mandado-de-prisao-em-general-carneiro-6\/","title":{"rendered":"POL\u00cdCIA MILITAR CUMPRE MANDADO DE PRIS\u00c3O EM GENERAL CARNEIRO"},"content":{"rendered":"\n<p>Durante patrulhamento a equipe da Pol\u00edcia Militar de General Carneiro nessa quinta-feira ,20 de novembro, identificou um homem j\u00e1 conhecido por possuir um mandado de pris\u00e3o em aberto.<\/p>\n\n\n\n<figure class=\"wp-block-image size-full\"><img loading=\"lazy\" decoding=\"async\" width=\"300\" height=\"180\" src=\"https:\/\/radiostudiow.com.br\/site\/wp-content\/uploads\/2025\/06\/PLAY-HALL.png\" alt=\"\" class=\"wp-image-39582\"\/><\/figure>\n\n\n\n<p>Ap\u00f3s receber voz de abordagem, ele foi submetido \u00e0 revista pessoal, n\u00e3o sendo encontrado nenhum il\u00edcito. Em consulta, foi confirmado que havia um mandado de pris\u00e3o civil vigente em seu nome.<\/p>\n\n\n\n<p>Diante da situa\u00e7\u00e3o o masculino foi conduzido at\u00e9 a unidade prisional de Uni\u00e3o da Vit\u00f3ria para as devidas provid\u00eancias.<\/p>\n\n\n\n<p>Fonte: 27\u00b0 BPM&nbsp;<\/p>\n","protected":false},"excerpt":{"rendered":"<p>Durante patrulhamento a equipe da Pol\u00edcia Militar de General Carneiro nessa quinta-feira ,20 de novembro, identificou um homem j\u00e1 conhecido por possuir um mandado de pris\u00e3o em aberto. Ap\u00f3s receber voz de abordagem, ele foi submetido \u00e0 revista pessoal, n\u00e3o sendo encontrado nenhum il\u00edcito. Em consulta, foi confirmado que havia um mandado de pris\u00e3o civil [&hellip;]<\/p>\n","protected":false},"author":2,"featured_media":32845,"comment_status":"open","ping_status":"open","sticky":false,"template":"","format":"standard","meta":{"footnotes":""},"categories":[2],"tags":[172],"class_list":["post-44925","post","type-post","status-publish","format-standard","has-post-thumbnail","hentry","category-policial","tag-featured"],"amp_enabled":true,"_links":{"self":[{"href":"https:\/\/radiostudiow.com.br\/site\/wp-json\/wp\/v2\/posts\/44925","targetHints":{"allow":["GET"]}}],"collection":[{"href":"https:\/\/radiostudiow.com.br\/site\/wp-json\/wp\/v2\/posts"}],"about":[{"href":"https:\/\/radiostudiow.com.br\/site\/wp-json\/wp\/v2\/types\/post"}],"author":[{"embeddable":true,"href":"https:\/\/radiostudiow.com.br\/site\/wp-json\/wp\/v2\/users\/2"}],"replies":[{"embeddable":true,"href":"https:\/\/radiostudiow.com.br\/site\/wp-json\/wp\/v2\/comments?post=44925"}],"version-history":[{"count":1,"href":"https:\/\/radiostudiow.com.br\/site\/wp-json\/wp\/v2\/posts\/44925\/revisions"}],"predecessor-version":[{"id":44926,"href":"https:\/\/radiostudiow.com.br\/site\/wp-json\/wp\/v2\/posts\/44925\/revisions\/44926"}],"wp:featuredmedia":[{"embeddable":true,"href":"https:\/\/radiostudiow.com.br\/site\/wp-json\/wp\/v2\/media\/32845"}],"wp:attachment":[{"href":"https:\/\/radiostudiow.com.br\/site\/wp-json\/wp\/v2\/media?parent=44925"}],"wp:term":[{"taxonomy":"category","embeddable":true,"href":"https:\/\/radiostudiow.com.br\/site\/wp-json\/wp\/v2\/categories?post=44925"},{"taxonomy":"post_tag","embeddable":true,"href":"https:\/\/radiostudiow.com.br\/site\/wp-json\/wp\/v2\/tags?post=44925"}],"curies":[{"name":"wp","href":"https:\/\/api.w.org\/{rel}","templated":true}]}}