{"id":44927,"date":"2025-11-22T10:28:04","date_gmt":"2025-11-22T13:28:04","guid":{"rendered":"https:\/\/radiostudiow.com.br\/site\/?p=44927"},"modified":"2025-11-22T10:28:04","modified_gmt":"2025-11-22T13:28:04","slug":"motorista-morre-em-colisao-frontal-na-br-153-na-serra-do-leao","status":"publish","type":"post","link":"https:\/\/radiostudiow.com.br\/site\/2025\/11\/22\/motorista-morre-em-colisao-frontal-na-br-153-na-serra-do-leao\/","title":{"rendered":"MOTORISTA MORRE EM COLIS\u00c3O FRONTAL NA BR-153 NA SERRA DO LE\u00c3O"},"content":{"rendered":"\n<figure class=\"wp-block-image size-full\"><img loading=\"lazy\" decoding=\"async\" width=\"598\" height=\"204\" src=\"https:\/\/radiostudiow.com.br\/site\/wp-content\/uploads\/2025\/04\/BOROX.png\" alt=\"\" class=\"wp-image-37229\" srcset=\"https:\/\/radiostudiow.com.br\/site\/wp-content\/uploads\/2025\/04\/BOROX.png 598w, https:\/\/radiostudiow.com.br\/site\/wp-content\/uploads\/2025\/04\/BOROX-300x102.png 300w\" sizes=\"auto, (max-width: 598px) 100vw, 598px\" \/><\/figure>\n\n\n\n<p>Um homem morreu ap\u00f3s uma colis\u00e3o frontal entre um carro e um caminh\u00e3o na BR-153, na regi\u00e3o da Serra do Le\u00e3o, no in\u00edcio da madrugada desta quinta-feira (20).<\/p>\n\n\n\n<p>De acordo com as primeiras informa\u00e7\u00f5es, o Corpo de Bombeiros de Uni\u00e3o da Vit\u00f3ria foi acionado por volta das 4h15min para atender o acidente que envolveu um ve\u00edculo Renault Oroch, de cor branca, e um caminh\u00e3o Ford Cargo, tamb\u00e9m branco.<\/p>\n\n\n\n<p>Os bombeiros constataram que o condutor da Oroch morreu no local. O motorista do caminh\u00e3o n\u00e3o sofreu ferimentos.<\/p>\n\n\n\n<figure class=\"wp-block-image size-full\"><img loading=\"lazy\" decoding=\"async\" width=\"300\" height=\"180\" src=\"https:\/\/radiostudiow.com.br\/site\/wp-content\/uploads\/2025\/05\/SITE-PEQUENO.jpg\" alt=\"\" class=\"wp-image-38684\"\/><\/figure>\n\n\n\n<p>Testemunhas presentes no local relataram \u00e0 Pol\u00edcia Rodovi\u00e1ria Federal (PRF) que o Renault Oroch descia a serra quando, por motivos ainda a serem esclarecidos, invadiu a pista contr\u00e1ria e colidiu frontalmente com o caminh\u00e3o, que subia a rodovia.<\/p>\n\n\n\n<p>A Pol\u00edcia Rodovi\u00e1ria Federal registrou a ocorr\u00eancia, e os bombeiros removeram o corpo da v\u00edtima. A Pol\u00edcia Cient\u00edfica encaminhou o corpo ao Instituto M\u00e9dico Legal (IML).<\/p>\n\n\n\n<p>Ainda n\u00e3o foi confirmado o nome do motorista morto e a din\u00e2mica do acidente.<\/p>\n\n\n\n<p>Fonte\/Foto: Portal da Cidade Uni\u00e3o da Vit\u00f3ria<\/p>\n","protected":false},"excerpt":{"rendered":"<p>Um homem morreu ap\u00f3s uma colis\u00e3o frontal entre um carro e um caminh\u00e3o na BR-153, na regi\u00e3o da Serra do Le\u00e3o, no in\u00edcio da madrugada desta quinta-feira (20). De acordo com as primeiras informa\u00e7\u00f5es, o Corpo de Bombeiros de Uni\u00e3o da Vit\u00f3ria foi acionado por volta das 4h15min para atender o acidente que envolveu um [&hellip;]<\/p>\n","protected":false},"author":2,"featured_media":44928,"comment_status":"open","ping_status":"open","sticky":false,"template":"","format":"standard","meta":{"footnotes":""},"categories":[2],"tags":[172],"class_list":["post-44927","post","type-post","status-publish","format-standard","has-post-thumbnail","hentry","category-policial","tag-featured"],"amp_enabled":true,"_links":{"self":[{"href":"https:\/\/radiostudiow.com.br\/site\/wp-json\/wp\/v2\/posts\/44927","targetHints":{"allow":["GET"]}}],"collection":[{"href":"https:\/\/radiostudiow.com.br\/site\/wp-json\/wp\/v2\/posts"}],"about":[{"href":"https:\/\/radiostudiow.com.br\/site\/wp-json\/wp\/v2\/types\/post"}],"author":[{"embeddable":true,"href":"https:\/\/radiostudiow.com.br\/site\/wp-json\/wp\/v2\/users\/2"}],"replies":[{"embeddable":true,"href":"https:\/\/radiostudiow.com.br\/site\/wp-json\/wp\/v2\/comments?post=44927"}],"version-history":[{"count":1,"href":"https:\/\/radiostudiow.com.br\/site\/wp-json\/wp\/v2\/posts\/44927\/revisions"}],"predecessor-version":[{"id":44929,"href":"https:\/\/radiostudiow.com.br\/site\/wp-json\/wp\/v2\/posts\/44927\/revisions\/44929"}],"wp:featuredmedia":[{"embeddable":true,"href":"https:\/\/radiostudiow.com.br\/site\/wp-json\/wp\/v2\/media\/44928"}],"wp:attachment":[{"href":"https:\/\/radiostudiow.com.br\/site\/wp-json\/wp\/v2\/media?parent=44927"}],"wp:term":[{"taxonomy":"category","embeddable":true,"href":"https:\/\/radiostudiow.com.br\/site\/wp-json\/wp\/v2\/categories?post=44927"},{"taxonomy":"post_tag","embeddable":true,"href":"https:\/\/radiostudiow.com.br\/site\/wp-json\/wp\/v2\/tags?post=44927"}],"curies":[{"name":"wp","href":"https:\/\/api.w.org\/{rel}","templated":true}]}}