{"id":44930,"date":"2025-11-22T10:29:53","date_gmt":"2025-11-22T13:29:53","guid":{"rendered":"https:\/\/radiostudiow.com.br\/site\/?p=44930"},"modified":"2025-11-22T10:29:53","modified_gmt":"2025-11-22T13:29:53","slug":"policia-militar-cumpriu-dois-mandado-de-prisao-em-sao-mateus-do-sul","status":"publish","type":"post","link":"https:\/\/radiostudiow.com.br\/site\/2025\/11\/22\/policia-militar-cumpriu-dois-mandado-de-prisao-em-sao-mateus-do-sul\/","title":{"rendered":"POL\u00cdCIA MILITAR CUMPRIU DOIS MANDADO DE PRIS\u00c3O EM S\u00c3O MATEUS DO SUL"},"content":{"rendered":"\n<figure class=\"wp-block-image size-full\"><img loading=\"lazy\" decoding=\"async\" width=\"300\" height=\"180\" src=\"https:\/\/radiostudiow.com.br\/site\/wp-content\/uploads\/2025\/05\/VANE.png\" alt=\"\" class=\"wp-image-38014\"\/><\/figure>\n\n\n\n<p>A equipe da Pol\u00edcia Militar de S\u00e3o Mateus do Sul cumpriu um mandado de pris\u00e3o vigente contra um homem na \u00e1rea central por volta das 12 horas dessa quinta-feira (20).<\/p>\n\n\n\n<p>De acordo com as informa\u00e7\u00f5es do relat\u00f3rio policial, o homem era investigado pelo crime de estupro de vulner\u00e1vel, conforme previsto no C\u00f3digo Penal.<\/p>\n\n\n\n<p>Diante da situa\u00e7\u00e3o, os policiais se deslocaram at\u00e9 o endere\u00e7o do suspeito, onde ele foi localizado e detido.<\/p>\n\n\n\n<p>Ap\u00f3s o cumprimento do mandado, o homem seguindo posteriormente para a unidade prisional respons\u00e1vel, onde foram adotadas as demais medidas legais.<\/p>\n\n\n\n<figure class=\"wp-block-image size-full is-resized\"><img loading=\"lazy\" decoding=\"async\" width=\"1024\" height=\"591\" src=\"https:\/\/radiostudiow.com.br\/site\/wp-content\/uploads\/2025\/09\/image-61.png\" alt=\"\" class=\"wp-image-42556\" style=\"width:408px;height:auto\" srcset=\"https:\/\/radiostudiow.com.br\/site\/wp-content\/uploads\/2025\/09\/image-61.png 1024w, https:\/\/radiostudiow.com.br\/site\/wp-content\/uploads\/2025\/09\/image-61-300x173.png 300w, https:\/\/radiostudiow.com.br\/site\/wp-content\/uploads\/2025\/09\/image-61-768x443.png 768w\" sizes=\"auto, (max-width: 1024px) 100vw, 1024px\" \/><\/figure>\n\n\n\n<p>________<\/p>\n\n\n\n<p>O segundo mandado de pris\u00e3o foi registrado na localidade do Faxinal dos Elias, no qual a equipe da Pol\u00edcia Militar cumpriu um mandado de pris\u00e3o vigente contra um homem por volta das 18 horas dessa quinta-feira (20).<\/p>\n\n\n\n<p>Ap\u00f3s a abordagem, o detido foi conduzido e entregue ao Departamento Penitenci\u00e1rio de S\u00e3o Mateus do Sul para as provid\u00eancias cab\u00edveis.<\/p>\n\n\n\n<p>Fonte: 27\u00b0 BPM<\/p>\n","protected":false},"excerpt":{"rendered":"<p>A equipe da Pol\u00edcia Militar de S\u00e3o Mateus do Sul cumpriu um mandado de pris\u00e3o vigente contra um homem na \u00e1rea central por volta das 12 horas dessa quinta-feira (20). De acordo com as informa\u00e7\u00f5es do relat\u00f3rio policial, o homem era investigado pelo crime de estupro de vulner\u00e1vel, conforme previsto no C\u00f3digo Penal. Diante da [&hellip;]<\/p>\n","protected":false},"author":2,"featured_media":30688,"comment_status":"open","ping_status":"open","sticky":false,"template":"","format":"standard","meta":{"footnotes":""},"categories":[2],"tags":[172],"class_list":["post-44930","post","type-post","status-publish","format-standard","has-post-thumbnail","hentry","category-policial","tag-featured"],"amp_enabled":true,"_links":{"self":[{"href":"https:\/\/radiostudiow.com.br\/site\/wp-json\/wp\/v2\/posts\/44930","targetHints":{"allow":["GET"]}}],"collection":[{"href":"https:\/\/radiostudiow.com.br\/site\/wp-json\/wp\/v2\/posts"}],"about":[{"href":"https:\/\/radiostudiow.com.br\/site\/wp-json\/wp\/v2\/types\/post"}],"author":[{"embeddable":true,"href":"https:\/\/radiostudiow.com.br\/site\/wp-json\/wp\/v2\/users\/2"}],"replies":[{"embeddable":true,"href":"https:\/\/radiostudiow.com.br\/site\/wp-json\/wp\/v2\/comments?post=44930"}],"version-history":[{"count":1,"href":"https:\/\/radiostudiow.com.br\/site\/wp-json\/wp\/v2\/posts\/44930\/revisions"}],"predecessor-version":[{"id":44931,"href":"https:\/\/radiostudiow.com.br\/site\/wp-json\/wp\/v2\/posts\/44930\/revisions\/44931"}],"wp:featuredmedia":[{"embeddable":true,"href":"https:\/\/radiostudiow.com.br\/site\/wp-json\/wp\/v2\/media\/30688"}],"wp:attachment":[{"href":"https:\/\/radiostudiow.com.br\/site\/wp-json\/wp\/v2\/media?parent=44930"}],"wp:term":[{"taxonomy":"category","embeddable":true,"href":"https:\/\/radiostudiow.com.br\/site\/wp-json\/wp\/v2\/categories?post=44930"},{"taxonomy":"post_tag","embeddable":true,"href":"https:\/\/radiostudiow.com.br\/site\/wp-json\/wp\/v2\/tags?post=44930"}],"curies":[{"name":"wp","href":"https:\/\/api.w.org\/{rel}","templated":true}]}}