{"id":44935,"date":"2025-11-22T10:35:43","date_gmt":"2025-11-22T13:35:43","guid":{"rendered":"https:\/\/radiostudiow.com.br\/site\/?p=44935"},"modified":"2025-11-22T10:35:43","modified_gmt":"2025-11-22T13:35:43","slug":"biometria-sera-obrigatoria-para-novos-beneficios-do-inss-a-partir-de-novembro","status":"publish","type":"post","link":"https:\/\/radiostudiow.com.br\/site\/2025\/11\/22\/biometria-sera-obrigatoria-para-novos-beneficios-do-inss-a-partir-de-novembro\/","title":{"rendered":"Biometria ser\u00e1 obrigat\u00f3ria para novos benef\u00edcios do INSS a partir de novembro"},"content":{"rendered":"\n<p>A partir de 21 de novembro, todos os novos pedidos de benef\u00edcios ao Instituto Nacional do Seguro Social (INSS) passar\u00e3o a exigir comprova\u00e7\u00e3o biom\u00e9trica. A medida, voltada ao combate de fraudes e \u00e0 moderniza\u00e7\u00e3o do sistema, n\u00e3o se aplica a benef\u00edcios j\u00e1 ativos.<\/p>\n\n\n\n<p>Segundo o INSS, a implanta\u00e7\u00e3o ser\u00e1 feita de forma gradual, sem risco de bloqueios autom\u00e1ticos. Benefici\u00e1rios que precisarem atualizar a biometria ser\u00e3o comunicados individualmente e com anteced\u00eancia. O aviso orientar\u00e1 sobre a necessidade de emitir a Carteira de Identidade Nacional (CIN), sem qualquer impacto no recebimento dos pagamentos.<\/p>\n\n\n\n<figure class=\"wp-block-image size-full\"><img loading=\"lazy\" decoding=\"async\" width=\"598\" height=\"204\" src=\"https:\/\/radiostudiow.com.br\/site\/wp-content\/uploads\/2024\/01\/SITE-MEDIO.png\" alt=\"\" class=\"wp-image-18916\" srcset=\"https:\/\/radiostudiow.com.br\/site\/wp-content\/uploads\/2024\/01\/SITE-MEDIO.png 598w, https:\/\/radiostudiow.com.br\/site\/wp-content\/uploads\/2024\/01\/SITE-MEDIO-300x102.png 300w\" sizes=\"auto, (max-width: 598px) 100vw, 598px\" \/><\/figure>\n\n\n\n<p>A CIN ser\u00e1 o documento de refer\u00eancia para a identifica\u00e7\u00e3o biom\u00e9trica. O instituto afirma que a mudan\u00e7a garante mais seguran\u00e7a e faz com que os recursos \u201ccheguem a quem realmente tem direito\u201d.<\/p>\n\n\n\n<h3 class=\"wp-block-heading\">Quem est\u00e1 dispensado da biometria<\/h3>\n\n\n\n<p>A regulamenta\u00e7\u00e3o dispensa a exig\u00eancia enquanto n\u00e3o houver alternativas p\u00fablicas para:<\/p>\n\n\n\n<ul class=\"wp-block-list\">\n<li>Pessoas com mais de 80 anos;<\/li>\n\n\n\n<li>Pessoas com dificuldade de deslocamento por motivo de sa\u00fade (com comprova\u00e7\u00e3o);<\/li>\n\n\n\n<li>Moradores de \u00e1reas de dif\u00edcil acesso, como comunidades ribeirinhas atendidas pelo PREVBarco;<\/li>\n\n\n\n<li>Migrantes em situa\u00e7\u00e3o de ref\u00fagio e ap\u00e1tridas;<\/li>\n\n\n\n<li>Residentes no exterior.<\/li>\n<\/ul>\n\n\n\n<p>Tamb\u00e9m ficam temporariamente dispensados, at\u00e9 30 de abril de 2026, os solicitantes de:<\/p>\n\n\n\n<ul class=\"wp-block-list\">\n<li>Sal\u00e1rio-maternidade;<\/li>\n\n\n\n<li>Benef\u00edcio por incapacidade tempor\u00e1ria;<\/li>\n\n\n\n<li>Pens\u00e3o por morte.<\/li>\n<\/ul>\n\n\n\n<figure class=\"wp-block-image size-full\"><img loading=\"lazy\" decoding=\"async\" width=\"897\" height=\"204\" src=\"https:\/\/radiostudiow.com.br\/site\/wp-content\/uploads\/2025\/01\/SITE-GRANDE3.png\" alt=\"\" class=\"wp-image-32900\" srcset=\"https:\/\/radiostudiow.com.br\/site\/wp-content\/uploads\/2025\/01\/SITE-GRANDE3.png 897w, https:\/\/radiostudiow.com.br\/site\/wp-content\/uploads\/2025\/01\/SITE-GRANDE3-300x68.png 300w, https:\/\/radiostudiow.com.br\/site\/wp-content\/uploads\/2025\/01\/SITE-GRANDE3-768x175.png 768w\" sizes=\"auto, (max-width: 897px) 100vw, 897px\" \/><\/figure>\n\n\n\n<h3 class=\"wp-block-heading\">Cronograma da nova regra<\/h3>\n\n\n\n<ul class=\"wp-block-list\">\n<li><strong>21 de novembro de 2025:<\/strong>\u00a0Todo novo pedido exige biometria. S\u00e3o aceitas as biometrias da CIN, CNH ou T\u00edtulo de Eleitor.<\/li>\n\n\n\n<li><strong>1\u00ba de maio de 2026:<\/strong>\u00a0Quem n\u00e3o tiver biometria nesses documentos dever\u00e1 emitir a CIN para seguir com o requerimento.<\/li>\n\n\n\n<li><strong>1\u00ba de janeiro de 2028:<\/strong>\u00a0A CIN passa a ser o \u00fanico documento aceito para identifica\u00e7\u00e3o biom\u00e9trica em todos os procedimentos do INSS.<\/li>\n<\/ul>\n\n\n\n<p><\/p>\n","protected":false},"excerpt":{"rendered":"<p>A partir de 21 de novembro, todos os novos pedidos de benef\u00edcios ao Instituto Nacional do Seguro Social (INSS) passar\u00e3o a exigir comprova\u00e7\u00e3o biom\u00e9trica. A medida, voltada ao combate de fraudes e \u00e0 moderniza\u00e7\u00e3o do sistema, n\u00e3o se aplica a benef\u00edcios j\u00e1 ativos. Segundo o INSS, a implanta\u00e7\u00e3o ser\u00e1 feita de forma gradual, sem risco [&hellip;]<\/p>\n","protected":false},"author":2,"featured_media":44936,"comment_status":"open","ping_status":"open","sticky":false,"template":"","format":"standard","meta":{"footnotes":""},"categories":[7],"tags":[172],"class_list":["post-44935","post","type-post","status-publish","format-standard","has-post-thumbnail","hentry","category-geral","tag-featured"],"amp_enabled":true,"_links":{"self":[{"href":"https:\/\/radiostudiow.com.br\/site\/wp-json\/wp\/v2\/posts\/44935","targetHints":{"allow":["GET"]}}],"collection":[{"href":"https:\/\/radiostudiow.com.br\/site\/wp-json\/wp\/v2\/posts"}],"about":[{"href":"https:\/\/radiostudiow.com.br\/site\/wp-json\/wp\/v2\/types\/post"}],"author":[{"embeddable":true,"href":"https:\/\/radiostudiow.com.br\/site\/wp-json\/wp\/v2\/users\/2"}],"replies":[{"embeddable":true,"href":"https:\/\/radiostudiow.com.br\/site\/wp-json\/wp\/v2\/comments?post=44935"}],"version-history":[{"count":1,"href":"https:\/\/radiostudiow.com.br\/site\/wp-json\/wp\/v2\/posts\/44935\/revisions"}],"predecessor-version":[{"id":44937,"href":"https:\/\/radiostudiow.com.br\/site\/wp-json\/wp\/v2\/posts\/44935\/revisions\/44937"}],"wp:featuredmedia":[{"embeddable":true,"href":"https:\/\/radiostudiow.com.br\/site\/wp-json\/wp\/v2\/media\/44936"}],"wp:attachment":[{"href":"https:\/\/radiostudiow.com.br\/site\/wp-json\/wp\/v2\/media?parent=44935"}],"wp:term":[{"taxonomy":"category","embeddable":true,"href":"https:\/\/radiostudiow.com.br\/site\/wp-json\/wp\/v2\/categories?post=44935"},{"taxonomy":"post_tag","embeddable":true,"href":"https:\/\/radiostudiow.com.br\/site\/wp-json\/wp\/v2\/tags?post=44935"}],"curies":[{"name":"wp","href":"https:\/\/api.w.org\/{rel}","templated":true}]}}