{"id":44938,"date":"2025-11-22T11:32:13","date_gmt":"2025-11-22T14:32:13","guid":{"rendered":"https:\/\/radiostudiow.com.br\/site\/?p=44938"},"modified":"2025-11-22T11:32:51","modified_gmt":"2025-11-22T14:32:51","slug":"crianca-e-atingida-por-carro-em-alta-velocidade-no-conjunto-porto-uniao","status":"publish","type":"post","link":"https:\/\/radiostudiow.com.br\/site\/2025\/11\/22\/crianca-e-atingida-por-carro-em-alta-velocidade-no-conjunto-porto-uniao\/","title":{"rendered":"Crian\u00e7a \u00e9 atingida por carro em alta velocidade no Conjunto Porto Uni\u00e3o"},"content":{"rendered":"\n<figure class=\"wp-block-image size-full\"><img loading=\"lazy\" decoding=\"async\" width=\"897\" height=\"204\" src=\"https:\/\/radiostudiow.com.br\/site\/wp-content\/uploads\/2025\/05\/NUTRI-MALLET.png\" alt=\"\" class=\"wp-image-37813\" srcset=\"https:\/\/radiostudiow.com.br\/site\/wp-content\/uploads\/2025\/05\/NUTRI-MALLET.png 897w, https:\/\/radiostudiow.com.br\/site\/wp-content\/uploads\/2025\/05\/NUTRI-MALLET-300x68.png 300w, https:\/\/radiostudiow.com.br\/site\/wp-content\/uploads\/2025\/05\/NUTRI-MALLET-768x175.png 768w\" sizes=\"auto, (max-width: 897px) 100vw, 897px\" \/><\/figure>\n\n\n\n<p class=\"has-text-align-center\"><em><strong>Da reda\u00e7\u00e3o Portal V.Vale<\/strong><\/em><\/p>\n\n\n\n<p>Um menino de 12 anos ficou ferido ap\u00f3s ser atingido por um carro que passava em alta velocidade na rua Alan Kardec, no Conjunto Porto Uni\u00e3o, na noite desta sexta-feira, 21 de novembro de 2025. Ele circulava de bicicleta na regi\u00e3o escolar quando ocorreu o acidente, em uma esquina pr\u00f3xima \u00e0 creche Bal\u00e3o M\u00e1gico e a uma padaria.<\/p>\n\n\n\n<p>Imagens de uma c\u00e2mera de seguran\u00e7a registraram o momento em que o ve\u00edculo atinge o garoto. Moradores relataram que o impacto foi t\u00e3o forte que a crian\u00e7a chegou a ser arremessada antes de cair ao ch\u00e3o. Familiares prestaram os primeiros socorros e o encaminharam ao hospital.<\/p>\n\n\n\n<figure class=\"wp-block-image size-full\"><img loading=\"lazy\" decoding=\"async\" width=\"897\" height=\"204\" src=\"https:\/\/radiostudiow.com.br\/site\/wp-content\/uploads\/2025\/06\/BARROS.png\" alt=\"\" class=\"wp-image-39575\" srcset=\"https:\/\/radiostudiow.com.br\/site\/wp-content\/uploads\/2025\/06\/BARROS.png 897w, https:\/\/radiostudiow.com.br\/site\/wp-content\/uploads\/2025\/06\/BARROS-300x68.png 300w, https:\/\/radiostudiow.com.br\/site\/wp-content\/uploads\/2025\/06\/BARROS-768x175.png 768w\" sizes=\"auto, (max-width: 897px) 100vw, 897px\" \/><\/figure>\n\n\n\n<p>O motorista deixou o local sem prestar ajuda. Ap\u00f3s ser acionada, a Pol\u00edcia Militar localizou o autom\u00f3vel e identificou o respons\u00e1vel pelo atropelamento.<\/p>\n\n\n\n<p>Moradores afirmam que a rua \u00e9 palco recorrente de excesso de velocidade e pedem medidas urgentes, como a instala\u00e7\u00e3o de uma lombada, para reduzir riscos a quem circula pelo bairro.<\/p>\n","protected":false},"excerpt":{"rendered":"<p>Da reda\u00e7\u00e3o Portal V.Vale Um menino de 12 anos ficou ferido ap\u00f3s ser atingido por um carro que passava em alta velocidade na rua Alan Kardec, no Conjunto Porto Uni\u00e3o, na noite desta sexta-feira, 21 de novembro de 2025. Ele circulava de bicicleta na regi\u00e3o escolar quando ocorreu o acidente, em uma esquina pr\u00f3xima \u00e0 [&hellip;]<\/p>\n","protected":false},"author":2,"featured_media":44939,"comment_status":"open","ping_status":"open","sticky":false,"template":"","format":"standard","meta":{"footnotes":""},"categories":[185],"tags":[172],"class_list":["post-44938","post","type-post","status-publish","format-standard","has-post-thumbnail","hentry","category-regional","tag-featured"],"amp_enabled":true,"_links":{"self":[{"href":"https:\/\/radiostudiow.com.br\/site\/wp-json\/wp\/v2\/posts\/44938","targetHints":{"allow":["GET"]}}],"collection":[{"href":"https:\/\/radiostudiow.com.br\/site\/wp-json\/wp\/v2\/posts"}],"about":[{"href":"https:\/\/radiostudiow.com.br\/site\/wp-json\/wp\/v2\/types\/post"}],"author":[{"embeddable":true,"href":"https:\/\/radiostudiow.com.br\/site\/wp-json\/wp\/v2\/users\/2"}],"replies":[{"embeddable":true,"href":"https:\/\/radiostudiow.com.br\/site\/wp-json\/wp\/v2\/comments?post=44938"}],"version-history":[{"count":1,"href":"https:\/\/radiostudiow.com.br\/site\/wp-json\/wp\/v2\/posts\/44938\/revisions"}],"predecessor-version":[{"id":44940,"href":"https:\/\/radiostudiow.com.br\/site\/wp-json\/wp\/v2\/posts\/44938\/revisions\/44940"}],"wp:featuredmedia":[{"embeddable":true,"href":"https:\/\/radiostudiow.com.br\/site\/wp-json\/wp\/v2\/media\/44939"}],"wp:attachment":[{"href":"https:\/\/radiostudiow.com.br\/site\/wp-json\/wp\/v2\/media?parent=44938"}],"wp:term":[{"taxonomy":"category","embeddable":true,"href":"https:\/\/radiostudiow.com.br\/site\/wp-json\/wp\/v2\/categories?post=44938"},{"taxonomy":"post_tag","embeddable":true,"href":"https:\/\/radiostudiow.com.br\/site\/wp-json\/wp\/v2\/tags?post=44938"}],"curies":[{"name":"wp","href":"https:\/\/api.w.org\/{rel}","templated":true}]}}