{"id":44942,"date":"2025-11-22T11:50:44","date_gmt":"2025-11-22T14:50:44","guid":{"rendered":"https:\/\/radiostudiow.com.br\/site\/?p=44942"},"modified":"2025-11-22T11:50:44","modified_gmt":"2025-11-22T14:50:44","slug":"homem-e-preso-apos-apreensao-de-facao-e-armas-artesanais-em-cruz-machado","status":"publish","type":"post","link":"https:\/\/radiostudiow.com.br\/site\/2025\/11\/22\/homem-e-preso-apos-apreensao-de-facao-e-armas-artesanais-em-cruz-machado\/","title":{"rendered":"Homem \u00e9 preso ap\u00f3s apreens\u00e3o de fac\u00e3o e armas artesanais em Cruz Machado"},"content":{"rendered":"\n<p>A equipe da Pol\u00edcia Militar de Cruz Machado foi acionada para atender uma situa\u00e7\u00e3o de amea\u00e7a<br>envolvendo disputa de divisa entre vizinhos na localidade da Linha Esperan\u00e7a por volta das 10 horas dessa sexta-feira (21).<\/p>\n\n\n\n<figure class=\"wp-block-image size-full is-resized\"><img loading=\"lazy\" decoding=\"async\" width=\"1024\" height=\"591\" src=\"https:\/\/radiostudiow.com.br\/site\/wp-content\/uploads\/2025\/09\/CASA-DO-CRIADOR.png\" alt=\"\" class=\"wp-image-42859\" style=\"width:360px;height:auto\" srcset=\"https:\/\/radiostudiow.com.br\/site\/wp-content\/uploads\/2025\/09\/CASA-DO-CRIADOR.png 1024w, https:\/\/radiostudiow.com.br\/site\/wp-content\/uploads\/2025\/09\/CASA-DO-CRIADOR-300x173.png 300w, https:\/\/radiostudiow.com.br\/site\/wp-content\/uploads\/2025\/09\/CASA-DO-CRIADOR-768x443.png 768w\" sizes=\"auto, (max-width: 1024px) 100vw, 1024px\" \/><\/figure>\n\n\n\n<p>No local, durante a verifica\u00e7\u00e3o, foi localizado um indiv\u00edduo portando um fac\u00e3o. Ainda foram encontradas duas armas artesanais.<\/p>\n\n\n\n<p>O respons\u00e1vel recebeu voz de pris\u00e3o por posse irregular de arma de fogo, sendo conduzido para a 4aSDP as provid\u00eancias legais.<\/p>\n","protected":false},"excerpt":{"rendered":"<p>A equipe da Pol\u00edcia Militar de Cruz Machado foi acionada para atender uma situa\u00e7\u00e3o de amea\u00e7aenvolvendo disputa de divisa entre vizinhos na localidade da Linha Esperan\u00e7a por volta das 10 horas dessa sexta-feira (21). No local, durante a verifica\u00e7\u00e3o, foi localizado um indiv\u00edduo portando um fac\u00e3o. Ainda foram encontradas duas armas artesanais. O respons\u00e1vel recebeu [&hellip;]<\/p>\n","protected":false},"author":2,"featured_media":44943,"comment_status":"open","ping_status":"open","sticky":false,"template":"","format":"standard","meta":{"footnotes":""},"categories":[2],"tags":[172],"class_list":["post-44942","post","type-post","status-publish","format-standard","has-post-thumbnail","hentry","category-policial","tag-featured"],"amp_enabled":true,"_links":{"self":[{"href":"https:\/\/radiostudiow.com.br\/site\/wp-json\/wp\/v2\/posts\/44942","targetHints":{"allow":["GET"]}}],"collection":[{"href":"https:\/\/radiostudiow.com.br\/site\/wp-json\/wp\/v2\/posts"}],"about":[{"href":"https:\/\/radiostudiow.com.br\/site\/wp-json\/wp\/v2\/types\/post"}],"author":[{"embeddable":true,"href":"https:\/\/radiostudiow.com.br\/site\/wp-json\/wp\/v2\/users\/2"}],"replies":[{"embeddable":true,"href":"https:\/\/radiostudiow.com.br\/site\/wp-json\/wp\/v2\/comments?post=44942"}],"version-history":[{"count":3,"href":"https:\/\/radiostudiow.com.br\/site\/wp-json\/wp\/v2\/posts\/44942\/revisions"}],"predecessor-version":[{"id":44949,"href":"https:\/\/radiostudiow.com.br\/site\/wp-json\/wp\/v2\/posts\/44942\/revisions\/44949"}],"wp:featuredmedia":[{"embeddable":true,"href":"https:\/\/radiostudiow.com.br\/site\/wp-json\/wp\/v2\/media\/44943"}],"wp:attachment":[{"href":"https:\/\/radiostudiow.com.br\/site\/wp-json\/wp\/v2\/media?parent=44942"}],"wp:term":[{"taxonomy":"category","embeddable":true,"href":"https:\/\/radiostudiow.com.br\/site\/wp-json\/wp\/v2\/categories?post=44942"},{"taxonomy":"post_tag","embeddable":true,"href":"https:\/\/radiostudiow.com.br\/site\/wp-json\/wp\/v2\/tags?post=44942"}],"curies":[{"name":"wp","href":"https:\/\/api.w.org\/{rel}","templated":true}]}}