{"id":44951,"date":"2025-11-24T10:06:10","date_gmt":"2025-11-24T13:06:10","guid":{"rendered":"https:\/\/radiostudiow.com.br\/site\/?p=44951"},"modified":"2025-11-24T10:06:11","modified_gmt":"2025-11-24T13:06:11","slug":"atualizacao-traficante-influente-e-preso-e-vitimas-de-escravidao-resgatadas","status":"publish","type":"post","link":"https:\/\/radiostudiow.com.br\/site\/2025\/11\/24\/atualizacao-traficante-influente-e-preso-e-vitimas-de-escravidao-resgatadas\/","title":{"rendered":"ATUALIZA\u00c7\u00c3O: Traficante influente \u00e9 preso e v\u00edtimas de escravid\u00e3o resgatadas"},"content":{"rendered":"\n<figure class=\"wp-block-image size-full\"><img loading=\"lazy\" decoding=\"async\" width=\"897\" height=\"204\" src=\"https:\/\/radiostudiow.com.br\/site\/wp-content\/uploads\/2025\/03\/BARAO-NOVO-NOTICIAS-1.jpg\" alt=\"\" class=\"wp-image-35084\" srcset=\"https:\/\/radiostudiow.com.br\/site\/wp-content\/uploads\/2025\/03\/BARAO-NOVO-NOTICIAS-1.jpg 897w, https:\/\/radiostudiow.com.br\/site\/wp-content\/uploads\/2025\/03\/BARAO-NOVO-NOTICIAS-1-300x68.jpg 300w, https:\/\/radiostudiow.com.br\/site\/wp-content\/uploads\/2025\/03\/BARAO-NOVO-NOTICIAS-1-768x175.jpg 768w\" sizes=\"auto, (max-width: 897px) 100vw, 897px\" \/><\/figure>\n\n\n\n<p class=\"has-text-align-center\"><em><strong>Da reda\u00e7\u00e3o Portal V.Vale<\/strong><\/em><\/p>\n\n\n\n<p>Um homem de 48 anos, conhecido pelo apelido de\u00a0\u201cCharles\u201d\u00a0e considerado um dos traficantes mais influentes de Uni\u00e3o da Vit\u00f3ria, foi preso durante uma opera\u00e7\u00e3o na quinta-feira (20).<\/p>\n\n\n\n<p>A pris\u00e3o ocorreu no&nbsp;bairro S\u00e3o Joaquim,&nbsp;\u00e1rea onde ele exercia forte atua\u00e7\u00e3o criminosa e j\u00e1 vinha sendo monitorado h\u00e1 meses.<\/p>\n\n\n\n<p>Al\u00e9m do envolvimento no tr\u00e1fico de drogas,&nbsp;o suspeito \u00e9 investigado por manter pessoas em condi\u00e7\u00e3o an\u00e1loga \u00e0 escravid\u00e3o, obrigando-as a trabalhar para ele em troca de entorpecentes.<\/p>\n\n\n\n<p>Segundo informa\u00e7\u00f5esm as v\u00edtimas \u2014 dependentes qu\u00edmicas \u2014 eram coagidas a permanecer no esquema sob amea\u00e7as constantes.<\/p>\n\n\n\n<figure class=\"wp-block-image size-full\"><img loading=\"lazy\" decoding=\"async\" width=\"897\" height=\"204\" src=\"https:\/\/radiostudiow.com.br\/site\/wp-content\/uploads\/2025\/03\/image-62.png\" alt=\"\" class=\"wp-image-35859\" srcset=\"https:\/\/radiostudiow.com.br\/site\/wp-content\/uploads\/2025\/03\/image-62.png 897w, https:\/\/radiostudiow.com.br\/site\/wp-content\/uploads\/2025\/03\/image-62-300x68.png 300w, https:\/\/radiostudiow.com.br\/site\/wp-content\/uploads\/2025\/03\/image-62-768x175.png 768w\" sizes=\"auto, (max-width: 897px) 100vw, 897px\" \/><\/figure>\n\n\n\n<p>Durante a a\u00e7\u00e3o,&nbsp;cinco pessoas foram resgatadas: quatro homens e uma mulher, com idades entre 30 e 50 anos.<\/p>\n\n\n\n<p>Elas eram mantidas em um alojamento com&nbsp;condi\u00e7\u00f5es prec\u00e1rias, sem energia el\u00e9trica, sem higiene e vivendo em ambiente degradante.<\/p>\n\n\n\n<p>A opera\u00e7\u00e3o tamb\u00e9m resultou na apreens\u00e3o de\u00a0crack, buchas de coca\u00edna, al\u00e9m de dinheiro em\u00a0real e d\u00f3lar.<\/p>\n\n\n\n<h2 class=\"wp-block-heading\"><em><strong>V\u00eddeo da opera\u00e7\u00e3o circula nas redes e mostra parte da atua\u00e7\u00e3o policial no momento da pris\u00e3o.<\/strong><\/em><\/h2>\n\n\n\n<figure class=\"wp-block-video\"><video height=\"854\" style=\"aspect-ratio: 480 \/ 854;\" width=\"480\" controls src=\"https:\/\/radiostudiow.com.br\/site\/wp-content\/uploads\/2025\/11\/canal.mp4\"><\/video><\/figure>\n","protected":false},"excerpt":{"rendered":"<p>Da reda\u00e7\u00e3o Portal V.Vale Um homem de 48 anos, conhecido pelo apelido de\u00a0\u201cCharles\u201d\u00a0e considerado um dos traficantes mais influentes de Uni\u00e3o da Vit\u00f3ria, foi preso durante uma opera\u00e7\u00e3o na quinta-feira (20). A pris\u00e3o ocorreu no&nbsp;bairro S\u00e3o Joaquim,&nbsp;\u00e1rea onde ele exercia forte atua\u00e7\u00e3o criminosa e j\u00e1 vinha sendo monitorado h\u00e1 meses. Al\u00e9m do envolvimento no tr\u00e1fico [&hellip;]<\/p>\n","protected":false},"author":2,"featured_media":44972,"comment_status":"open","ping_status":"open","sticky":false,"template":"","format":"standard","meta":{"footnotes":""},"categories":[2],"tags":[172],"class_list":["post-44951","post","type-post","status-publish","format-standard","has-post-thumbnail","hentry","category-policial","tag-featured"],"amp_enabled":true,"_links":{"self":[{"href":"https:\/\/radiostudiow.com.br\/site\/wp-json\/wp\/v2\/posts\/44951","targetHints":{"allow":["GET"]}}],"collection":[{"href":"https:\/\/radiostudiow.com.br\/site\/wp-json\/wp\/v2\/posts"}],"about":[{"href":"https:\/\/radiostudiow.com.br\/site\/wp-json\/wp\/v2\/types\/post"}],"author":[{"embeddable":true,"href":"https:\/\/radiostudiow.com.br\/site\/wp-json\/wp\/v2\/users\/2"}],"replies":[{"embeddable":true,"href":"https:\/\/radiostudiow.com.br\/site\/wp-json\/wp\/v2\/comments?post=44951"}],"version-history":[{"count":2,"href":"https:\/\/radiostudiow.com.br\/site\/wp-json\/wp\/v2\/posts\/44951\/revisions"}],"predecessor-version":[{"id":44973,"href":"https:\/\/radiostudiow.com.br\/site\/wp-json\/wp\/v2\/posts\/44951\/revisions\/44973"}],"wp:featuredmedia":[{"embeddable":true,"href":"https:\/\/radiostudiow.com.br\/site\/wp-json\/wp\/v2\/media\/44972"}],"wp:attachment":[{"href":"https:\/\/radiostudiow.com.br\/site\/wp-json\/wp\/v2\/media?parent=44951"}],"wp:term":[{"taxonomy":"category","embeddable":true,"href":"https:\/\/radiostudiow.com.br\/site\/wp-json\/wp\/v2\/categories?post=44951"},{"taxonomy":"post_tag","embeddable":true,"href":"https:\/\/radiostudiow.com.br\/site\/wp-json\/wp\/v2\/tags?post=44951"}],"curies":[{"name":"wp","href":"https:\/\/api.w.org\/{rel}","templated":true}]}}