{"id":44953,"date":"2025-11-24T10:37:46","date_gmt":"2025-11-24T13:37:46","guid":{"rendered":"https:\/\/radiostudiow.com.br\/site\/?p=44953"},"modified":"2025-11-24T10:37:46","modified_gmt":"2025-11-24T13:37:46","slug":"homem-morre-apos-trator-tombar-em-cruz-machado","status":"publish","type":"post","link":"https:\/\/radiostudiow.com.br\/site\/2025\/11\/24\/homem-morre-apos-trator-tombar-em-cruz-machado\/","title":{"rendered":"Homem morre ap\u00f3s trator tombar em Cruz Machado"},"content":{"rendered":"\n<p>Um grave acidente com trator no Distrito de Santana, \u00e1rea rural de Cruz Machado tirou a vida de um homem identificado como Te\u00f3filo Krul, 45 anos de idade, na tarde deste s\u00e1bado (22).<\/p>\n\n\n\n<p>A v\u00edtima retornava do trabalho para casa quando perdeu o controle do ve\u00edculo agr\u00edcola. O trator saiu da estrada e tombou ap\u00f3s bater em um barranco \u00e0s margens da via.<\/p>\n\n\n\n<figure class=\"wp-block-image size-full\"><img loading=\"lazy\" decoding=\"async\" width=\"897\" height=\"204\" src=\"https:\/\/radiostudiow.com.br\/site\/wp-content\/uploads\/2025\/06\/BARROS.png\" alt=\"\" class=\"wp-image-39575\" srcset=\"https:\/\/radiostudiow.com.br\/site\/wp-content\/uploads\/2025\/06\/BARROS.png 897w, https:\/\/radiostudiow.com.br\/site\/wp-content\/uploads\/2025\/06\/BARROS-300x68.png 300w, https:\/\/radiostudiow.com.br\/site\/wp-content\/uploads\/2025\/06\/BARROS-768x175.png 768w\" sizes=\"auto, (max-width: 897px) 100vw, 897px\" \/><\/figure>\n\n\n\n<p>O homem trabalhava na produ\u00e7\u00e3o de carv\u00e3o em sua propriedade. O Servi\u00e7o de Atendimento M\u00f3vel de Urg\u00eancia (Samu) foi acionado, mas quando a equipe chegou ao local ele j\u00e1 estava sem vida.<\/p>\n\n\n\n<p>O Instituto M\u00e9dico-Legal (IML) de Uni\u00e3o da Vit\u00f3ria tamb\u00e9m foi acionado para recolher o corpo e dar in\u00edcio aos procedimentos legais.<\/p>\n\n\n\n<p class=\"has-text-align-center\"><strong><em>Fonte: Canal 4<\/em><\/strong><\/p>\n\n\n\n<figure class=\"wp-block-image size-large\"><img loading=\"lazy\" decoding=\"async\" width=\"724\" height=\"1024\" src=\"https:\/\/radiostudiow.com.br\/site\/wp-content\/uploads\/2025\/11\/image-62-724x1024.png\" alt=\"\" class=\"wp-image-44975\" srcset=\"https:\/\/radiostudiow.com.br\/site\/wp-content\/uploads\/2025\/11\/image-62-724x1024.png 724w, https:\/\/radiostudiow.com.br\/site\/wp-content\/uploads\/2025\/11\/image-62-212x300.png 212w, https:\/\/radiostudiow.com.br\/site\/wp-content\/uploads\/2025\/11\/image-62-768x1086.png 768w, https:\/\/radiostudiow.com.br\/site\/wp-content\/uploads\/2025\/11\/image-62-1086x1536.png 1086w, https:\/\/radiostudiow.com.br\/site\/wp-content\/uploads\/2025\/11\/image-62.png 1131w\" sizes=\"auto, (max-width: 724px) 100vw, 724px\" \/><\/figure>\n","protected":false},"excerpt":{"rendered":"<p>Um grave acidente com trator no Distrito de Santana, \u00e1rea rural de Cruz Machado tirou a vida de um homem identificado como Te\u00f3filo Krul, 45 anos de idade, na tarde deste s\u00e1bado (22). A v\u00edtima retornava do trabalho para casa quando perdeu o controle do ve\u00edculo agr\u00edcola. O trator saiu da estrada e tombou ap\u00f3s [&hellip;]<\/p>\n","protected":false},"author":2,"featured_media":44974,"comment_status":"open","ping_status":"open","sticky":false,"template":"","format":"standard","meta":{"footnotes":""},"categories":[185],"tags":[172],"class_list":["post-44953","post","type-post","status-publish","format-standard","has-post-thumbnail","hentry","category-regional","tag-featured"],"amp_enabled":true,"_links":{"self":[{"href":"https:\/\/radiostudiow.com.br\/site\/wp-json\/wp\/v2\/posts\/44953","targetHints":{"allow":["GET"]}}],"collection":[{"href":"https:\/\/radiostudiow.com.br\/site\/wp-json\/wp\/v2\/posts"}],"about":[{"href":"https:\/\/radiostudiow.com.br\/site\/wp-json\/wp\/v2\/types\/post"}],"author":[{"embeddable":true,"href":"https:\/\/radiostudiow.com.br\/site\/wp-json\/wp\/v2\/users\/2"}],"replies":[{"embeddable":true,"href":"https:\/\/radiostudiow.com.br\/site\/wp-json\/wp\/v2\/comments?post=44953"}],"version-history":[{"count":2,"href":"https:\/\/radiostudiow.com.br\/site\/wp-json\/wp\/v2\/posts\/44953\/revisions"}],"predecessor-version":[{"id":44976,"href":"https:\/\/radiostudiow.com.br\/site\/wp-json\/wp\/v2\/posts\/44953\/revisions\/44976"}],"wp:featuredmedia":[{"embeddable":true,"href":"https:\/\/radiostudiow.com.br\/site\/wp-json\/wp\/v2\/media\/44974"}],"wp:attachment":[{"href":"https:\/\/radiostudiow.com.br\/site\/wp-json\/wp\/v2\/media?parent=44953"}],"wp:term":[{"taxonomy":"category","embeddable":true,"href":"https:\/\/radiostudiow.com.br\/site\/wp-json\/wp\/v2\/categories?post=44953"},{"taxonomy":"post_tag","embeddable":true,"href":"https:\/\/radiostudiow.com.br\/site\/wp-json\/wp\/v2\/tags?post=44953"}],"curies":[{"name":"wp","href":"https:\/\/api.w.org\/{rel}","templated":true}]}}