{"id":44955,"date":"2025-11-24T10:52:51","date_gmt":"2025-11-24T13:52:51","guid":{"rendered":"https:\/\/radiostudiow.com.br\/site\/?p=44955"},"modified":"2025-11-24T10:53:31","modified_gmt":"2025-11-24T13:53:31","slug":"acao-policial-apreende-drogas-em-onibus-que-seguia-para-uniao-da-vitoria","status":"publish","type":"post","link":"https:\/\/radiostudiow.com.br\/site\/2025\/11\/24\/acao-policial-apreende-drogas-em-onibus-que-seguia-para-uniao-da-vitoria\/","title":{"rendered":"Mulher \u00e9 presa transportando 6,5kg de drogas em \u00f4nibus que seguia para Uni\u00e3o da Vit\u00f3ria"},"content":{"rendered":"\n<p>A equipe da Pol\u00edcia Militar de Uni\u00e3o da Vit\u00f3ria apreendeu uma grande quantidade de drogas ap\u00f3s receber uma den\u00fancia que resultou na intercepta\u00e7\u00e3o de um \u00f4nibus intermunicipal em General Carneiro na tarde deste s\u00e1bado (22).<\/p>\n\n\n\n<p>A\u00a0den\u00fancia informava que uma mulher, de aproximadamente 30 anos e com diversas passagens policiais, estaria transportando maconha no coletivo que fazia a linha Francisco Beltr\u00e3o\u2013Uni\u00e3o da Vit\u00f3ria.<\/p>\n\n\n\n<figure class=\"wp-block-image size-full\"><img loading=\"lazy\" decoding=\"async\" width=\"897\" height=\"204\" src=\"https:\/\/radiostudiow.com.br\/site\/wp-content\/uploads\/2025\/02\/SITE-GRANDE7.png\" alt=\"\" class=\"wp-image-33861\" srcset=\"https:\/\/radiostudiow.com.br\/site\/wp-content\/uploads\/2025\/02\/SITE-GRANDE7.png 897w, https:\/\/radiostudiow.com.br\/site\/wp-content\/uploads\/2025\/02\/SITE-GRANDE7-300x68.png 300w, https:\/\/radiostudiow.com.br\/site\/wp-content\/uploads\/2025\/02\/SITE-GRANDE7-768x175.png 768w\" sizes=\"auto, (max-width: 897px) 100vw, 897px\" \/><\/figure>\n\n\n\n<p>O \u00f4nibus foi abordado na rodovi\u00e1ria de General Carneiro, onde a suspeita foi identificada.\u00a0Durante as buscas, os policiais localizaram mais de 6,5 quilos de maconha, al\u00e9m de por\u00e7\u00f5es de crack e coca\u00edna \u2014 cerca de 20 gramas de cada.<\/p>\n\n\n\n<p>A mulher recebeu voz de pris\u00e3o e foi encaminhada \u00e0 delegacia de Uni\u00e3o da Vit\u00f3ria, onde dever\u00e1 responder pelo crime de tr\u00e1fico de drogas.<\/p>\n\n\n\n<figure class=\"wp-block-image size-full\"><img loading=\"lazy\" decoding=\"async\" width=\"897\" height=\"207\" src=\"https:\/\/radiostudiow.com.br\/site\/wp-content\/uploads\/2025\/07\/TIJOLAO.png\" alt=\"\" class=\"wp-image-40184\" srcset=\"https:\/\/radiostudiow.com.br\/site\/wp-content\/uploads\/2025\/07\/TIJOLAO.png 897w, https:\/\/radiostudiow.com.br\/site\/wp-content\/uploads\/2025\/07\/TIJOLAO-300x69.png 300w, https:\/\/radiostudiow.com.br\/site\/wp-content\/uploads\/2025\/07\/TIJOLAO-768x177.png 768w\" sizes=\"auto, (max-width: 897px) 100vw, 897px\" \/><\/figure>\n\n\n\n<p><a target=\"_blank\" href=\"mailto:?subject=A%C3%A7%C3%A3o%20policial%20apreende%20drogas%20em%20%C3%B4nibus%20que%20seguia%20para%20Uni%C3%A3o%20da%20Vit%C3%B3ria&amp;body=https:\/\/www.vvale.com.br\/seguranca\/acao-policial-apreende-drogas-em-onibus-que-seguia-para-uniao-da-vitoria\/\" rel=\"noreferrer noopener\"><\/a><\/p>\n\n\n\n<figure class=\"wp-block-video\"><video height=\"1280\" style=\"aspect-ratio: 720 \/ 1280;\" width=\"720\" controls src=\"https:\/\/radiostudiow.com.br\/site\/wp-content\/uploads\/2025\/11\/AQPNRTd2PVu9PO8Xh69anjRrP8dBh970idu3U-Ydo-a565r1g-2dXPAPJw2EY4la7PNZ2L5YTwzMMz9CqbtX7OQFmXGnvfCp.mp4\"><\/video><\/figure>\n\n\n\n<p><strong>da Reda\u00e7\u00e3o com informa\u00e7\u00f5es do Canal4 | Da Reda\u00e7\u00e3o<\/strong><\/p>\n","protected":false},"excerpt":{"rendered":"<p>A equipe da Pol\u00edcia Militar de Uni\u00e3o da Vit\u00f3ria apreendeu uma grande quantidade de drogas ap\u00f3s receber uma den\u00fancia que resultou na intercepta\u00e7\u00e3o de um \u00f4nibus intermunicipal em General Carneiro na tarde deste s\u00e1bado (22). A\u00a0den\u00fancia informava que uma mulher, de aproximadamente 30 anos e com diversas passagens policiais, estaria transportando maconha no coletivo que [&hellip;]<\/p>\n","protected":false},"author":2,"featured_media":44977,"comment_status":"open","ping_status":"open","sticky":false,"template":"","format":"standard","meta":{"footnotes":""},"categories":[2],"tags":[172],"class_list":["post-44955","post","type-post","status-publish","format-standard","has-post-thumbnail","hentry","category-policial","tag-featured"],"amp_enabled":true,"_links":{"self":[{"href":"https:\/\/radiostudiow.com.br\/site\/wp-json\/wp\/v2\/posts\/44955","targetHints":{"allow":["GET"]}}],"collection":[{"href":"https:\/\/radiostudiow.com.br\/site\/wp-json\/wp\/v2\/posts"}],"about":[{"href":"https:\/\/radiostudiow.com.br\/site\/wp-json\/wp\/v2\/types\/post"}],"author":[{"embeddable":true,"href":"https:\/\/radiostudiow.com.br\/site\/wp-json\/wp\/v2\/users\/2"}],"replies":[{"embeddable":true,"href":"https:\/\/radiostudiow.com.br\/site\/wp-json\/wp\/v2\/comments?post=44955"}],"version-history":[{"count":3,"href":"https:\/\/radiostudiow.com.br\/site\/wp-json\/wp\/v2\/posts\/44955\/revisions"}],"predecessor-version":[{"id":44980,"href":"https:\/\/radiostudiow.com.br\/site\/wp-json\/wp\/v2\/posts\/44955\/revisions\/44980"}],"wp:featuredmedia":[{"embeddable":true,"href":"https:\/\/radiostudiow.com.br\/site\/wp-json\/wp\/v2\/media\/44977"}],"wp:attachment":[{"href":"https:\/\/radiostudiow.com.br\/site\/wp-json\/wp\/v2\/media?parent=44955"}],"wp:term":[{"taxonomy":"category","embeddable":true,"href":"https:\/\/radiostudiow.com.br\/site\/wp-json\/wp\/v2\/categories?post=44955"},{"taxonomy":"post_tag","embeddable":true,"href":"https:\/\/radiostudiow.com.br\/site\/wp-json\/wp\/v2\/tags?post=44955"}],"curies":[{"name":"wp","href":"https:\/\/api.w.org\/{rel}","templated":true}]}}