{"id":44959,"date":"2025-11-24T11:06:06","date_gmt":"2025-11-24T14:06:06","guid":{"rendered":"https:\/\/radiostudiow.com.br\/site\/?p=44959"},"modified":"2025-11-24T11:06:07","modified_gmt":"2025-11-24T14:06:07","slug":"prisao-por-posse-ilegal-de-arma-em-operacao-rural-em-cruz-machado","status":"publish","type":"post","link":"https:\/\/radiostudiow.com.br\/site\/2025\/11\/24\/prisao-por-posse-ilegal-de-arma-em-operacao-rural-em-cruz-machado\/","title":{"rendered":"Pris\u00e3o por posse ilegal de arma em opera\u00e7\u00e3o rural em Cruz Machado"},"content":{"rendered":"\n<p>Opera\u00e7\u00e3o de satura\u00e7\u00e3o realizada na Col\u00f4nia P\u00e1tio Velho, \u00e1rea rural de Cruz Machado, resultou na pris\u00e3o de um homem por posse ilegal de arma de fogo por volta das 14h05min deste s\u00e1bado (22).<\/p>\n\n\n\n<p>A equipe da Pol\u00edcia Militar foi at\u00e9 uma mercearia da localidade ap\u00f3s receber den\u00fancia sobre a presen\u00e7a de armamento no estabelecimento.<\/p>\n\n\n\n<figure class=\"wp-block-image size-full\"><img loading=\"lazy\" decoding=\"async\" width=\"897\" height=\"204\" src=\"https:\/\/radiostudiow.com.br\/site\/wp-content\/uploads\/2025\/05\/NUTRI-MALLET.png\" alt=\"\" class=\"wp-image-37813\" srcset=\"https:\/\/radiostudiow.com.br\/site\/wp-content\/uploads\/2025\/05\/NUTRI-MALLET.png 897w, https:\/\/radiostudiow.com.br\/site\/wp-content\/uploads\/2025\/05\/NUTRI-MALLET-300x68.png 300w, https:\/\/radiostudiow.com.br\/site\/wp-content\/uploads\/2025\/05\/NUTRI-MALLET-768x175.png 768w\" sizes=\"auto, (max-width: 897px) 100vw, 897px\" \/><\/figure>\n\n\n\n<p>Ao perceber a aproxima\u00e7\u00e3o dos agentes, um homem tentou se esconder nos fundos da resid\u00eancia. Ele foi abordado e, durante a verifica\u00e7\u00e3o, os policiais localizaram um rev\u00f3lver calibre .22 e uma caixa com muni\u00e7\u00f5es.<\/p>\n\n\n\n<p>Diante do flagrante, o suspeito recebeu voz de pris\u00e3o e foi encaminhado \u00e0 4\u00aa Subdivis\u00e3o Policial para os demais procedimentos legais.<\/p>\n","protected":false},"excerpt":{"rendered":"<p>Opera\u00e7\u00e3o de satura\u00e7\u00e3o realizada na Col\u00f4nia P\u00e1tio Velho, \u00e1rea rural de Cruz Machado, resultou na pris\u00e3o de um homem por posse ilegal de arma de fogo por volta das 14h05min deste s\u00e1bado (22). A equipe da Pol\u00edcia Militar foi at\u00e9 uma mercearia da localidade ap\u00f3s receber den\u00fancia sobre a presen\u00e7a de armamento no estabelecimento. Ao [&hellip;]<\/p>\n","protected":false},"author":2,"featured_media":44960,"comment_status":"open","ping_status":"open","sticky":false,"template":"","format":"standard","meta":{"footnotes":""},"categories":[2],"tags":[172],"class_list":["post-44959","post","type-post","status-publish","format-standard","has-post-thumbnail","hentry","category-policial","tag-featured"],"amp_enabled":true,"_links":{"self":[{"href":"https:\/\/radiostudiow.com.br\/site\/wp-json\/wp\/v2\/posts\/44959","targetHints":{"allow":["GET"]}}],"collection":[{"href":"https:\/\/radiostudiow.com.br\/site\/wp-json\/wp\/v2\/posts"}],"about":[{"href":"https:\/\/radiostudiow.com.br\/site\/wp-json\/wp\/v2\/types\/post"}],"author":[{"embeddable":true,"href":"https:\/\/radiostudiow.com.br\/site\/wp-json\/wp\/v2\/users\/2"}],"replies":[{"embeddable":true,"href":"https:\/\/radiostudiow.com.br\/site\/wp-json\/wp\/v2\/comments?post=44959"}],"version-history":[{"count":2,"href":"https:\/\/radiostudiow.com.br\/site\/wp-json\/wp\/v2\/posts\/44959\/revisions"}],"predecessor-version":[{"id":44982,"href":"https:\/\/radiostudiow.com.br\/site\/wp-json\/wp\/v2\/posts\/44959\/revisions\/44982"}],"wp:featuredmedia":[{"embeddable":true,"href":"https:\/\/radiostudiow.com.br\/site\/wp-json\/wp\/v2\/media\/44960"}],"wp:attachment":[{"href":"https:\/\/radiostudiow.com.br\/site\/wp-json\/wp\/v2\/media?parent=44959"}],"wp:term":[{"taxonomy":"category","embeddable":true,"href":"https:\/\/radiostudiow.com.br\/site\/wp-json\/wp\/v2\/categories?post=44959"},{"taxonomy":"post_tag","embeddable":true,"href":"https:\/\/radiostudiow.com.br\/site\/wp-json\/wp\/v2\/tags?post=44959"}],"curies":[{"name":"wp","href":"https:\/\/api.w.org\/{rel}","templated":true}]}}