{"id":44962,"date":"2025-11-24T11:58:55","date_gmt":"2025-11-24T14:58:55","guid":{"rendered":"https:\/\/radiostudiow.com.br\/site\/?p=44962"},"modified":"2025-11-24T11:58:56","modified_gmt":"2025-11-24T14:58:56","slug":"uma-segunda-mulher-foi-presa-com-drogas-apos-abordagem-policial-em-onibus","status":"publish","type":"post","link":"https:\/\/radiostudiow.com.br\/site\/2025\/11\/24\/uma-segunda-mulher-foi-presa-com-drogas-apos-abordagem-policial-em-onibus\/","title":{"rendered":"Uma segunda mulher foi presa com drogas ap\u00f3s abordagem policial em \u00f4nibus"},"content":{"rendered":"\n<figure class=\"wp-block-image size-full\"><img loading=\"lazy\" decoding=\"async\" width=\"598\" height=\"204\" src=\"https:\/\/radiostudiow.com.br\/site\/wp-content\/uploads\/2025\/05\/POLAK.png\" alt=\"\" class=\"wp-image-37847\" srcset=\"https:\/\/radiostudiow.com.br\/site\/wp-content\/uploads\/2025\/05\/POLAK.png 598w, https:\/\/radiostudiow.com.br\/site\/wp-content\/uploads\/2025\/05\/POLAK-300x102.png 300w\" sizes=\"auto, (max-width: 598px) 100vw, 598px\" \/><\/figure>\n\n\n\n<p>As equipes da ROTAM e do Canil realizaram uma opera\u00e7\u00e3o preventiva em um \u00f4nibus que transitava pela regi\u00e3o central de Cruz Machado por volta das 14h40min de s\u00e1bado (22).<\/p>\n\n\n\n<p>A a\u00e7\u00e3o ocorreu ap\u00f3s deslocamento dos policiais at\u00e9 o munic\u00edpio de General Carneiro, onde foi feita a abordagem do ve\u00edculo. Durante a vistoria, o c\u00e3o de faro indicou a presen\u00e7a de subst\u00e2ncias il\u00edcitas.<\/p>\n\n\n\n<p>Na bagagem de m\u00e3o de uma passageira, foram encontradas por\u00e7\u00f5es de subst\u00e2ncia an\u00e1loga \u00e0 coca\u00edna, totalizando 19,8 gramas, al\u00e9m de aproximadamente 20 gramas de crack.<\/p>\n\n\n\n<figure class=\"wp-block-gallery has-nested-images columns-default is-cropped wp-block-gallery-1 is-layout-flex wp-block-gallery-is-layout-flex\">\n<figure class=\"wp-block-image size-large\"><img loading=\"lazy\" decoding=\"async\" width=\"300\" height=\"180\" data-id=\"39582\" src=\"https:\/\/radiostudiow.com.br\/site\/wp-content\/uploads\/2025\/06\/PLAY-HALL.png\" alt=\"\" class=\"wp-image-39582\"\/><\/figure>\n\n\n\n<figure class=\"wp-block-image size-large\"><img loading=\"lazy\" decoding=\"async\" width=\"300\" height=\"180\" data-id=\"38014\" src=\"https:\/\/radiostudiow.com.br\/site\/wp-content\/uploads\/2025\/05\/VANE.png\" alt=\"\" class=\"wp-image-38014\"\/><\/figure>\n<\/figure>\n\n\n\n<p>Ao ser questionada, a mulher confirmou possuir tamb\u00e9m uma mala no compartimento inferior do \u00f4nibus. O c\u00e3o novamente sinalizou positivamente, e dentro da bagagem foram localizados outros materiais relacionados ao entorpecente.<\/p>\n\n\n\n<p>Diante dos fatos, a passageira recebeu voz de pris\u00e3o e foi conduzida, juntamente com o material apreendido, \u00e0 4\u00aa Subdivis\u00e3o Policial para as provid\u00eancias legais.<\/p>\n","protected":false},"excerpt":{"rendered":"<p>As equipes da ROTAM e do Canil realizaram uma opera\u00e7\u00e3o preventiva em um \u00f4nibus que transitava pela regi\u00e3o central de Cruz Machado por volta das 14h40min de s\u00e1bado (22). A a\u00e7\u00e3o ocorreu ap\u00f3s deslocamento dos policiais at\u00e9 o munic\u00edpio de General Carneiro, onde foi feita a abordagem do ve\u00edculo. Durante a vistoria, o c\u00e3o de [&hellip;]<\/p>\n","protected":false},"author":2,"featured_media":34477,"comment_status":"open","ping_status":"open","sticky":false,"template":"","format":"standard","meta":{"footnotes":""},"categories":[2],"tags":[172],"class_list":["post-44962","post","type-post","status-publish","format-standard","has-post-thumbnail","hentry","category-policial","tag-featured"],"amp_enabled":true,"_links":{"self":[{"href":"https:\/\/radiostudiow.com.br\/site\/wp-json\/wp\/v2\/posts\/44962","targetHints":{"allow":["GET"]}}],"collection":[{"href":"https:\/\/radiostudiow.com.br\/site\/wp-json\/wp\/v2\/posts"}],"about":[{"href":"https:\/\/radiostudiow.com.br\/site\/wp-json\/wp\/v2\/types\/post"}],"author":[{"embeddable":true,"href":"https:\/\/radiostudiow.com.br\/site\/wp-json\/wp\/v2\/users\/2"}],"replies":[{"embeddable":true,"href":"https:\/\/radiostudiow.com.br\/site\/wp-json\/wp\/v2\/comments?post=44962"}],"version-history":[{"count":3,"href":"https:\/\/radiostudiow.com.br\/site\/wp-json\/wp\/v2\/posts\/44962\/revisions"}],"predecessor-version":[{"id":44991,"href":"https:\/\/radiostudiow.com.br\/site\/wp-json\/wp\/v2\/posts\/44962\/revisions\/44991"}],"wp:featuredmedia":[{"embeddable":true,"href":"https:\/\/radiostudiow.com.br\/site\/wp-json\/wp\/v2\/media\/34477"}],"wp:attachment":[{"href":"https:\/\/radiostudiow.com.br\/site\/wp-json\/wp\/v2\/media?parent=44962"}],"wp:term":[{"taxonomy":"category","embeddable":true,"href":"https:\/\/radiostudiow.com.br\/site\/wp-json\/wp\/v2\/categories?post=44962"},{"taxonomy":"post_tag","embeddable":true,"href":"https:\/\/radiostudiow.com.br\/site\/wp-json\/wp\/v2\/tags?post=44962"}],"curies":[{"name":"wp","href":"https:\/\/api.w.org\/{rel}","templated":true}]}}