{"id":44964,"date":"2025-11-24T11:37:03","date_gmt":"2025-11-24T14:37:03","guid":{"rendered":"https:\/\/radiostudiow.com.br\/site\/?p=44964"},"modified":"2025-11-24T11:37:04","modified_gmt":"2025-11-24T14:37:04","slug":"caminhao-tombou-na-br-153-em-uniao-da-vitoria-neste-domingo-23","status":"publish","type":"post","link":"https:\/\/radiostudiow.com.br\/site\/2025\/11\/24\/caminhao-tombou-na-br-153-em-uniao-da-vitoria-neste-domingo-23\/","title":{"rendered":"Caminh\u00e3o tombou na BR-153 em Uni\u00e3o da Vit\u00f3ria neste domingo (23)"},"content":{"rendered":"\n<p>Uma carreta carregada com fardos de papel tombou na altura do km 450, logo ap\u00f3s o viaduto do Mallon, em Uni\u00e3o da Vit\u00f3ria na BR-153 que precisou ser interditada na manh\u00e3 deste domingo (23).<\/p>\n\n\n\n<p>O ve\u00edculo seguia sentido norte quando perdeu a estabilidade e saiu da posi\u00e7\u00e3o, espalhando parte da carga pela pista.<\/p>\n\n\n\n<figure class=\"wp-block-image size-full\"><img loading=\"lazy\" decoding=\"async\" width=\"897\" height=\"204\" src=\"https:\/\/radiostudiow.com.br\/site\/wp-content\/uploads\/2025\/01\/SITE-GRANDE3.png\" alt=\"\" class=\"wp-image-32900\" srcset=\"https:\/\/radiostudiow.com.br\/site\/wp-content\/uploads\/2025\/01\/SITE-GRANDE3.png 897w, https:\/\/radiostudiow.com.br\/site\/wp-content\/uploads\/2025\/01\/SITE-GRANDE3-300x68.png 300w, https:\/\/radiostudiow.com.br\/site\/wp-content\/uploads\/2025\/01\/SITE-GRANDE3-768x175.png 768w\" sizes=\"auto, (max-width: 897px) 100vw, 897px\" \/><\/figure>\n\n\n\n<p>Apesar do tombamento, o motorista saiu ileso e dispensou atendimento m\u00e9dico. A Pol\u00edcia Rodovi\u00e1ria Federal decidiu suspender totalmente o tr\u00e1fego no trecho at\u00e9 que a equipe de remo\u00e7\u00e3o conclua o recolhimento da carga e reposicione o ve\u00edculo acidentado.<\/p>\n\n\n\n<p>Com a via bloqueada, a orienta\u00e7\u00e3o aos condutores \u00e9 utilizar o acesso alternativo pelo bairro Cristo Rei, \u00fanico caminho liberado para quem precisa seguir entre a BR-153 e a BR-476 durante os trabalhos no local.<\/p>\n\n\n\n<figure class=\"wp-block-image size-full\"><img loading=\"lazy\" decoding=\"async\" width=\"598\" height=\"204\" src=\"https:\/\/radiostudiow.com.br\/site\/wp-content\/uploads\/2024\/10\/labirati.png\" alt=\"\" class=\"wp-image-28854\" srcset=\"https:\/\/radiostudiow.com.br\/site\/wp-content\/uploads\/2024\/10\/labirati.png 598w, https:\/\/radiostudiow.com.br\/site\/wp-content\/uploads\/2024\/10\/labirati-300x102.png 300w\" sizes=\"auto, (max-width: 598px) 100vw, 598px\" \/><\/figure>\n\n\n\n<figure class=\"wp-block-image size-full\"><img loading=\"lazy\" decoding=\"async\" width=\"720\" height=\"437\" src=\"https:\/\/radiostudiow.com.br\/site\/wp-content\/uploads\/2025\/11\/image-59.png\" alt=\"\" class=\"wp-image-44965\" srcset=\"https:\/\/radiostudiow.com.br\/site\/wp-content\/uploads\/2025\/11\/image-59.png 720w, https:\/\/radiostudiow.com.br\/site\/wp-content\/uploads\/2025\/11\/image-59-300x182.png 300w\" sizes=\"auto, (max-width: 720px) 100vw, 720px\" \/><figcaption class=\"wp-element-caption\"><em>(Foto: reprodu\u00e7\u00e3o Assis o rep\u00f3rter).<br><\/em><\/figcaption><\/figure>\n\n\n\n<figure class=\"wp-block-video\"><video height=\"1280\" style=\"aspect-ratio: 720 \/ 1280;\" width=\"720\" controls src=\"https:\/\/radiostudiow.com.br\/site\/wp-content\/uploads\/2025\/11\/AQNz1SaCHdpPFQ3uLoRnIdey46RBrTYgl6mwXGDrbkxdidjuSRQjR8SXiRktuE9u-Yk3OdkfzUB-ulfXV4VZlz-T.mp4\"><\/video><\/figure>\n","protected":false},"excerpt":{"rendered":"<p>Uma carreta carregada com fardos de papel tombou na altura do km 450, logo ap\u00f3s o viaduto do Mallon, em Uni\u00e3o da Vit\u00f3ria na BR-153 que precisou ser interditada na manh\u00e3 deste domingo (23). O ve\u00edculo seguia sentido norte quando perdeu a estabilidade e saiu da posi\u00e7\u00e3o, espalhando parte da carga pela pista. Apesar do [&hellip;]<\/p>\n","protected":false},"author":2,"featured_media":44985,"comment_status":"open","ping_status":"open","sticky":false,"template":"","format":"standard","meta":{"footnotes":""},"categories":[185],"tags":[172],"class_list":["post-44964","post","type-post","status-publish","format-standard","has-post-thumbnail","hentry","category-regional","tag-featured"],"amp_enabled":true,"_links":{"self":[{"href":"https:\/\/radiostudiow.com.br\/site\/wp-json\/wp\/v2\/posts\/44964","targetHints":{"allow":["GET"]}}],"collection":[{"href":"https:\/\/radiostudiow.com.br\/site\/wp-json\/wp\/v2\/posts"}],"about":[{"href":"https:\/\/radiostudiow.com.br\/site\/wp-json\/wp\/v2\/types\/post"}],"author":[{"embeddable":true,"href":"https:\/\/radiostudiow.com.br\/site\/wp-json\/wp\/v2\/users\/2"}],"replies":[{"embeddable":true,"href":"https:\/\/radiostudiow.com.br\/site\/wp-json\/wp\/v2\/comments?post=44964"}],"version-history":[{"count":2,"href":"https:\/\/radiostudiow.com.br\/site\/wp-json\/wp\/v2\/posts\/44964\/revisions"}],"predecessor-version":[{"id":44987,"href":"https:\/\/radiostudiow.com.br\/site\/wp-json\/wp\/v2\/posts\/44964\/revisions\/44987"}],"wp:featuredmedia":[{"embeddable":true,"href":"https:\/\/radiostudiow.com.br\/site\/wp-json\/wp\/v2\/media\/44985"}],"wp:attachment":[{"href":"https:\/\/radiostudiow.com.br\/site\/wp-json\/wp\/v2\/media?parent=44964"}],"wp:term":[{"taxonomy":"category","embeddable":true,"href":"https:\/\/radiostudiow.com.br\/site\/wp-json\/wp\/v2\/categories?post=44964"},{"taxonomy":"post_tag","embeddable":true,"href":"https:\/\/radiostudiow.com.br\/site\/wp-json\/wp\/v2\/tags?post=44964"}],"curies":[{"name":"wp","href":"https:\/\/api.w.org\/{rel}","templated":true}]}}