{"id":44996,"date":"2025-11-24T16:30:52","date_gmt":"2025-11-24T19:30:52","guid":{"rendered":"https:\/\/radiostudiow.com.br\/site\/?p=44996"},"modified":"2025-11-24T16:31:02","modified_gmt":"2025-11-24T19:31:02","slug":"jovem-de-18-anos-morre-em-cachoeira-do-pinho-em-irati-no-fim-de-semana","status":"publish","type":"post","link":"https:\/\/radiostudiow.com.br\/site\/2025\/11\/24\/jovem-de-18-anos-morre-em-cachoeira-do-pinho-em-irati-no-fim-de-semana\/","title":{"rendered":"Jovem de 18 anos morre em cachoeira do Pinho em Irati"},"content":{"rendered":"\n<p>Foi identificado como\u00a0Maycon Eduardo Bufolski, de 18 anos,\u00a0o\u00a0jovem que morreu em uma cachoeira no munic\u00edpio de Irati,\u00a0na regi\u00e3o dos Campos Gerais na noite desse s\u00e1bado (22).<\/p>\n\n\n\n<p>Maycon morava em Imbituva e estava curtindo o s\u00e1bado na Cachoeira do Pinho, localizada a pouco mais de 10 quil\u00f4metros da regi\u00e3o central do munic\u00edpio.<\/p>\n\n\n\n<figure class=\"wp-block-image size-full\"><img loading=\"lazy\" decoding=\"async\" width=\"598\" height=\"204\" src=\"https:\/\/radiostudiow.com.br\/site\/wp-content\/uploads\/2025\/04\/BOROX.png\" alt=\"\" class=\"wp-image-37229\" srcset=\"https:\/\/radiostudiow.com.br\/site\/wp-content\/uploads\/2025\/04\/BOROX.png 598w, https:\/\/radiostudiow.com.br\/site\/wp-content\/uploads\/2025\/04\/BOROX-300x102.png 300w\" sizes=\"auto, (max-width: 598px) 100vw, 598px\" \/><\/figure>\n\n\n\n<p>A equipe da Corpo de Bombeiros foi acionado para atender \u00e0 ocorr\u00eancia j\u00e1 no final da tarde de s\u00e1bado (22), ap\u00f3s o rapaz submergir, por volta das 18 horas. As buscas foram realizadas at\u00e9 o hor\u00e1rio que foi poss\u00edvel, at\u00e9 as 20 horas, quando os trabalhos foram interrompidos pela falta de visibilidade.<\/p>\n\n\n\n<p>As buscas foram retomadas na manh\u00e3 deste domingo (23), quando o corpo foi localizado pela equipe de mergulhadores, por volta das 7h40.\u00a0<\/p>\n\n\n\n<p><em><a href=\"https:\/\/arede.info\/campos-gerais\/613548\/jovem-de-18-anos-que-morreu-em-cachoeira-em-irati-e-identificado\" target=\"_blank\" rel=\"noreferrer noopener\">Com informa\u00e7\u00f5es ARede<\/a><\/em><\/p>\n","protected":false},"excerpt":{"rendered":"<p>Foi identificado como\u00a0Maycon Eduardo Bufolski, de 18 anos,\u00a0o\u00a0jovem que morreu em uma cachoeira no munic\u00edpio de Irati,\u00a0na regi\u00e3o dos Campos Gerais na noite desse s\u00e1bado (22). Maycon morava em Imbituva e estava curtindo o s\u00e1bado na Cachoeira do Pinho, localizada a pouco mais de 10 quil\u00f4metros da regi\u00e3o central do munic\u00edpio. A equipe da Corpo [&hellip;]<\/p>\n","protected":false},"author":2,"featured_media":44997,"comment_status":"open","ping_status":"open","sticky":false,"template":"","format":"standard","meta":{"footnotes":""},"categories":[185],"tags":[172],"class_list":["post-44996","post","type-post","status-publish","format-standard","has-post-thumbnail","hentry","category-regional","tag-featured"],"amp_enabled":true,"_links":{"self":[{"href":"https:\/\/radiostudiow.com.br\/site\/wp-json\/wp\/v2\/posts\/44996","targetHints":{"allow":["GET"]}}],"collection":[{"href":"https:\/\/radiostudiow.com.br\/site\/wp-json\/wp\/v2\/posts"}],"about":[{"href":"https:\/\/radiostudiow.com.br\/site\/wp-json\/wp\/v2\/types\/post"}],"author":[{"embeddable":true,"href":"https:\/\/radiostudiow.com.br\/site\/wp-json\/wp\/v2\/users\/2"}],"replies":[{"embeddable":true,"href":"https:\/\/radiostudiow.com.br\/site\/wp-json\/wp\/v2\/comments?post=44996"}],"version-history":[{"count":2,"href":"https:\/\/radiostudiow.com.br\/site\/wp-json\/wp\/v2\/posts\/44996\/revisions"}],"predecessor-version":[{"id":45000,"href":"https:\/\/radiostudiow.com.br\/site\/wp-json\/wp\/v2\/posts\/44996\/revisions\/45000"}],"wp:featuredmedia":[{"embeddable":true,"href":"https:\/\/radiostudiow.com.br\/site\/wp-json\/wp\/v2\/media\/44997"}],"wp:attachment":[{"href":"https:\/\/radiostudiow.com.br\/site\/wp-json\/wp\/v2\/media?parent=44996"}],"wp:term":[{"taxonomy":"category","embeddable":true,"href":"https:\/\/radiostudiow.com.br\/site\/wp-json\/wp\/v2\/categories?post=44996"},{"taxonomy":"post_tag","embeddable":true,"href":"https:\/\/radiostudiow.com.br\/site\/wp-json\/wp\/v2\/tags?post=44996"}],"curies":[{"name":"wp","href":"https:\/\/api.w.org\/{rel}","templated":true}]}}