{"id":45008,"date":"2025-11-24T20:54:31","date_gmt":"2025-11-24T23:54:31","guid":{"rendered":"https:\/\/radiostudiow.com.br\/site\/?p=45008"},"modified":"2025-11-24T20:54:31","modified_gmt":"2025-11-24T23:54:31","slug":"policia-civil-de-prudentopolis-prende-dupla-suspeita-de-serie-de-furtos-na-cidade","status":"publish","type":"post","link":"https:\/\/radiostudiow.com.br\/site\/2025\/11\/24\/policia-civil-de-prudentopolis-prende-dupla-suspeita-de-serie-de-furtos-na-cidade\/","title":{"rendered":"Pol\u00edcia Civil de Prudent\u00f3polis prende dupla suspeita de s\u00e9rie de furtos na cidade"},"content":{"rendered":"\n<figure class=\"wp-block-image size-full\"><img loading=\"lazy\" decoding=\"async\" width=\"494\" height=\"285\" src=\"https:\/\/radiostudiow.com.br\/site\/wp-content\/uploads\/2025\/11\/sobanski-arte.jpg\" alt=\"\" class=\"wp-image-44763\" srcset=\"https:\/\/radiostudiow.com.br\/site\/wp-content\/uploads\/2025\/11\/sobanski-arte.jpg 494w, https:\/\/radiostudiow.com.br\/site\/wp-content\/uploads\/2025\/11\/sobanski-arte-300x173.jpg 300w\" sizes=\"auto, (max-width: 494px) 100vw, 494px\" \/><\/figure>\n\n\n\n<p>Investiga\u00e7\u00e3o levou \u00e0 apreens\u00e3o de diversos objetos furtados, incluindo equipamentos da Prefeitura; um dos detidos havia sa\u00eddo da pris\u00e3o h\u00e1 apenas seis dias.<\/p>\n\n\n\n<p>Na manh\u00e3 desta segunda-feira (24), equipes da Pol\u00edcia Civil de Prudent\u00f3polis flagraram dois suspeitos deixando uma resid\u00eancia com v\u00e1rios objetos furtados. A a\u00e7\u00e3o ocorreu durante investiga\u00e7\u00f5es sobre uma s\u00e9rie de furtos registrados nos \u00faltimos dias na cidade, incluindo um furto qualificado no Centro de Conviv\u00eancia do Idoso.<\/p>\n\n\n\n<p>Durante a abordagem, os policiais apreenderam notebooks, caixa de som, pen drives, al\u00e9m de uma c\u00e2mera fotogr\u00e1fica com etiqueta patrimonial da Prefeitura, entre outros itens. Todos os objetos foram reconhecidos como produtos de furto.<\/p>\n\n\n\n<figure class=\"wp-block-gallery has-nested-images columns-default is-cropped wp-block-gallery-1 is-layout-flex wp-block-gallery-is-layout-flex\">\n<figure class=\"wp-block-image size-large\"><img decoding=\"async\" data-id=\"44123\" src=\"https:\/\/radiostudiow.com.br\/site\/wp-content\/uploads\/2025\/10\/SUPREMA-BARBA.png\" alt=\"\" class=\"wp-image-44123\"\/><\/figure>\n\n\n\n<figure class=\"wp-block-image size-large\"><img loading=\"lazy\" decoding=\"async\" width=\"300\" height=\"180\" data-id=\"41962\" src=\"https:\/\/radiostudiow.com.br\/site\/wp-content\/uploads\/2025\/08\/LILO.png\" alt=\"\" class=\"wp-image-41962\"\/><\/figure>\n<\/figure>\n\n\n\n<p>Na casa monitorada, as equipes localizaram ainda mais materiais il\u00edcitos. Um dos detidos, que havia sido solto h\u00e1 apenas seis dias ap\u00f3s cumprir pena pelo mesmo tipo de crime, confessou a autoria dos furtos.<\/p>\n\n\n\n<p>A dupla recebeu voz de pris\u00e3o em flagrante e foi encaminhada \u00e0 Delegacia de Pol\u00edcia de Prudent\u00f3polis para os procedimentos legais, permanecendo \u00e0 disposi\u00e7\u00e3o da Justi\u00e7a.<\/p>\n\n\n\n<p>Informa\u00e7\u00f5es e Imagem: Pol\u00edcia Civil de Prudent\u00f3polis<br>Mat\u00e9ria: Rep\u00f3rter Kiko de Oliveira<\/p>\n","protected":false},"excerpt":{"rendered":"<p>Investiga\u00e7\u00e3o levou \u00e0 apreens\u00e3o de diversos objetos furtados, incluindo equipamentos da Prefeitura; um dos detidos havia sa\u00eddo da pris\u00e3o h\u00e1 apenas seis dias. Na manh\u00e3 desta segunda-feira (24), equipes da Pol\u00edcia Civil de Prudent\u00f3polis flagraram dois suspeitos deixando uma resid\u00eancia com v\u00e1rios objetos furtados. A a\u00e7\u00e3o ocorreu durante investiga\u00e7\u00f5es sobre uma s\u00e9rie de furtos registrados [&hellip;]<\/p>\n","protected":false},"author":2,"featured_media":45009,"comment_status":"open","ping_status":"open","sticky":false,"template":"","format":"standard","meta":{"footnotes":""},"categories":[2],"tags":[172],"class_list":["post-45008","post","type-post","status-publish","format-standard","has-post-thumbnail","hentry","category-policial","tag-featured"],"amp_enabled":true,"_links":{"self":[{"href":"https:\/\/radiostudiow.com.br\/site\/wp-json\/wp\/v2\/posts\/45008","targetHints":{"allow":["GET"]}}],"collection":[{"href":"https:\/\/radiostudiow.com.br\/site\/wp-json\/wp\/v2\/posts"}],"about":[{"href":"https:\/\/radiostudiow.com.br\/site\/wp-json\/wp\/v2\/types\/post"}],"author":[{"embeddable":true,"href":"https:\/\/radiostudiow.com.br\/site\/wp-json\/wp\/v2\/users\/2"}],"replies":[{"embeddable":true,"href":"https:\/\/radiostudiow.com.br\/site\/wp-json\/wp\/v2\/comments?post=45008"}],"version-history":[{"count":1,"href":"https:\/\/radiostudiow.com.br\/site\/wp-json\/wp\/v2\/posts\/45008\/revisions"}],"predecessor-version":[{"id":45010,"href":"https:\/\/radiostudiow.com.br\/site\/wp-json\/wp\/v2\/posts\/45008\/revisions\/45010"}],"wp:featuredmedia":[{"embeddable":true,"href":"https:\/\/radiostudiow.com.br\/site\/wp-json\/wp\/v2\/media\/45009"}],"wp:attachment":[{"href":"https:\/\/radiostudiow.com.br\/site\/wp-json\/wp\/v2\/media?parent=45008"}],"wp:term":[{"taxonomy":"category","embeddable":true,"href":"https:\/\/radiostudiow.com.br\/site\/wp-json\/wp\/v2\/categories?post=45008"},{"taxonomy":"post_tag","embeddable":true,"href":"https:\/\/radiostudiow.com.br\/site\/wp-json\/wp\/v2\/tags?post=45008"}],"curies":[{"name":"wp","href":"https:\/\/api.w.org\/{rel}","templated":true}]}}