{"id":45018,"date":"2025-11-25T09:41:59","date_gmt":"2025-11-25T12:41:59","guid":{"rendered":"https:\/\/radiostudiow.com.br\/site\/?p=45018"},"modified":"2025-11-25T09:42:00","modified_gmt":"2025-11-25T12:42:00","slug":"homem-encontrado-morto-em-carro-incendiado-e-identificado","status":"publish","type":"post","link":"https:\/\/radiostudiow.com.br\/site\/2025\/11\/25\/homem-encontrado-morto-em-carro-incendiado-e-identificado\/","title":{"rendered":"Homem encontrado morto em carro incendiado \u00e9 identificado"},"content":{"rendered":"\n<figure class=\"wp-block-image size-full\"><img loading=\"lazy\" decoding=\"async\" width=\"897\" height=\"204\" src=\"https:\/\/radiostudiow.com.br\/site\/wp-content\/uploads\/2025\/03\/image-62.png\" alt=\"\" class=\"wp-image-35859\" srcset=\"https:\/\/radiostudiow.com.br\/site\/wp-content\/uploads\/2025\/03\/image-62.png 897w, https:\/\/radiostudiow.com.br\/site\/wp-content\/uploads\/2025\/03\/image-62-300x68.png 300w, https:\/\/radiostudiow.com.br\/site\/wp-content\/uploads\/2025\/03\/image-62-768x175.png 768w\" sizes=\"auto, (max-width: 897px) 100vw, 897px\" \/><\/figure>\n\n\n\n<p>Foi identificado como\u00a0Lu\u00eds Eurico Fran\u00e7a da Silva,\u00a0de 51 anos, o homem que foi encontrado morto dentro de um ve\u00edculo que foi destru\u00eddo por um inc\u00eandio em uma estrada rural da localidade de Faxinal dos Ilh\u00e9us, em S\u00e3o Mateus do Sul.<\/p>\n\n\n\n<p>Diante do cen\u00e1rio, a Pol\u00edcia Civil foi imediatamente comunicada. Em seguida, foram acionados o Instituto Criminal\u00edstica e o Instituto M\u00e9dico Legal (IML) de Uni\u00e3o da Vit\u00f3ria para realiza\u00e7\u00e3o da per\u00edcia e o recolhimento do corpo.<\/p>\n\n\n\n<p>Conforme informa\u00e7\u00f5es da Funer\u00e1ria Bom Jesus, ap\u00f3s os procedimentos, o corpo deve ser trasladado para S\u00e3o Mateus do Sul, por\u00e9m sem previs\u00e3o de vel\u00f3rio, at\u00e9 a conclus\u00e3o dos trabalhos do IML de Uni\u00e3o da Vit\u00f3ria.<\/p>\n\n\n\n<figure class=\"wp-block-image size-full\"><img loading=\"lazy\" decoding=\"async\" width=\"598\" height=\"204\" src=\"https:\/\/radiostudiow.com.br\/site\/wp-content\/uploads\/2024\/10\/labirati.png\" alt=\"\" class=\"wp-image-28854\" srcset=\"https:\/\/radiostudiow.com.br\/site\/wp-content\/uploads\/2024\/10\/labirati.png 598w, https:\/\/radiostudiow.com.br\/site\/wp-content\/uploads\/2024\/10\/labirati-300x102.png 300w\" sizes=\"auto, (max-width: 598px) 100vw, 598px\" \/><\/figure>\n\n\n\n<figure class=\"wp-block-embed is-type-wp-embed is-provider-studio-w wp-block-embed-studio-w\"><div class=\"wp-block-embed__wrapper\">\n<blockquote class=\"wp-embedded-content\" data-secret=\"f3bURALjSJ\"><a href=\"https:\/\/radiostudiow.com.br\/site\/2025\/11\/24\/veiculo-renault-sandero-e-encontrado-queimado-com-corpo-dentro-em-sao-mateus-do-sul\/\">Ve\u00edculo Renault Sandero \u00e9 encontrado queimado com corpo dentro em S\u00e3o Mateus do Sul<\/a><\/blockquote><iframe loading=\"lazy\" class=\"wp-embedded-content\" sandbox=\"allow-scripts\" security=\"restricted\" style=\"position: absolute; visibility: hidden;\" title=\"&#8220;Ve\u00edculo Renault Sandero \u00e9 encontrado queimado com corpo dentro em S\u00e3o Mateus do Sul&#8221; &#8212; Studio W\" src=\"https:\/\/radiostudiow.com.br\/site\/2025\/11\/24\/veiculo-renault-sandero-e-encontrado-queimado-com-corpo-dentro-em-sao-mateus-do-sul\/embed\/#?secret=MiUiauAv17#?secret=f3bURALjSJ\" data-secret=\"f3bURALjSJ\" width=\"600\" height=\"338\" frameborder=\"0\" marginwidth=\"0\" marginheight=\"0\" scrolling=\"no\"><\/iframe>\n<\/div><\/figure>\n","protected":false},"excerpt":{"rendered":"<p>Foi identificado como\u00a0Lu\u00eds Eurico Fran\u00e7a da Silva,\u00a0de 51 anos, o homem que foi encontrado morto dentro de um ve\u00edculo que foi destru\u00eddo por um inc\u00eandio em uma estrada rural da localidade de Faxinal dos Ilh\u00e9us, em S\u00e3o Mateus do Sul. Diante do cen\u00e1rio, a Pol\u00edcia Civil foi imediatamente comunicada. Em seguida, foram acionados o Instituto [&hellip;]<\/p>\n","protected":false},"author":2,"featured_media":45020,"comment_status":"open","ping_status":"open","sticky":false,"template":"","format":"standard","meta":{"footnotes":""},"categories":[185],"tags":[172],"class_list":["post-45018","post","type-post","status-publish","format-standard","has-post-thumbnail","hentry","category-regional","tag-featured"],"amp_enabled":true,"_links":{"self":[{"href":"https:\/\/radiostudiow.com.br\/site\/wp-json\/wp\/v2\/posts\/45018","targetHints":{"allow":["GET"]}}],"collection":[{"href":"https:\/\/radiostudiow.com.br\/site\/wp-json\/wp\/v2\/posts"}],"about":[{"href":"https:\/\/radiostudiow.com.br\/site\/wp-json\/wp\/v2\/types\/post"}],"author":[{"embeddable":true,"href":"https:\/\/radiostudiow.com.br\/site\/wp-json\/wp\/v2\/users\/2"}],"replies":[{"embeddable":true,"href":"https:\/\/radiostudiow.com.br\/site\/wp-json\/wp\/v2\/comments?post=45018"}],"version-history":[{"count":1,"href":"https:\/\/radiostudiow.com.br\/site\/wp-json\/wp\/v2\/posts\/45018\/revisions"}],"predecessor-version":[{"id":45021,"href":"https:\/\/radiostudiow.com.br\/site\/wp-json\/wp\/v2\/posts\/45018\/revisions\/45021"}],"wp:featuredmedia":[{"embeddable":true,"href":"https:\/\/radiostudiow.com.br\/site\/wp-json\/wp\/v2\/media\/45020"}],"wp:attachment":[{"href":"https:\/\/radiostudiow.com.br\/site\/wp-json\/wp\/v2\/media?parent=45018"}],"wp:term":[{"taxonomy":"category","embeddable":true,"href":"https:\/\/radiostudiow.com.br\/site\/wp-json\/wp\/v2\/categories?post=45018"},{"taxonomy":"post_tag","embeddable":true,"href":"https:\/\/radiostudiow.com.br\/site\/wp-json\/wp\/v2\/tags?post=45018"}],"curies":[{"name":"wp","href":"https:\/\/api.w.org\/{rel}","templated":true}]}}