{"id":45023,"date":"2025-11-25T09:55:13","date_gmt":"2025-11-25T12:55:13","guid":{"rendered":"https:\/\/radiostudiow.com.br\/site\/?p=45023"},"modified":"2025-11-25T09:55:14","modified_gmt":"2025-11-25T12:55:14","slug":"cobertura-do-posto-amigao-desaba-durante-temporal-em-sao-mateus-do-sul","status":"publish","type":"post","link":"https:\/\/radiostudiow.com.br\/site\/2025\/11\/25\/cobertura-do-posto-amigao-desaba-durante-temporal-em-sao-mateus-do-sul\/","title":{"rendered":"Cobertura do Posto Amig\u00e3o desaba durante temporal em S\u00e3o Mateus do Sul"},"content":{"rendered":"\n<p>Durante temporal, parte da estrutura da cobertura do Posto Amig\u00e3o, localizado na BR-476 na regi\u00e3o de Fluvi\u00f3polis em S\u00e3o Mateus do Sul, acabou cedendo durante a forte chuva que atingiu o munic\u00edpio na tarde desta segunda-feira (24).<\/p>\n\n\n\n<p>Apesar do susto, n\u00e3o h\u00e1 registro de feridos. Respons\u00e1veis pelo estabelecimento estiveram no local para avaliar os danos e iniciar as medidas de seguran\u00e7a e conten\u00e7\u00e3o.<\/p>\n\n\n\n<figure class=\"wp-block-image size-full\"><img loading=\"lazy\" decoding=\"async\" width=\"897\" height=\"204\" src=\"https:\/\/radiostudiow.com.br\/site\/wp-content\/uploads\/2025\/06\/BARROS.png\" alt=\"\" class=\"wp-image-39575\" srcset=\"https:\/\/radiostudiow.com.br\/site\/wp-content\/uploads\/2025\/06\/BARROS.png 897w, https:\/\/radiostudiow.com.br\/site\/wp-content\/uploads\/2025\/06\/BARROS-300x68.png 300w, https:\/\/radiostudiow.com.br\/site\/wp-content\/uploads\/2025\/06\/BARROS-768x175.png 768w\" sizes=\"auto, (max-width: 897px) 100vw, 897px\" \/><\/figure>\n\n\n\n<p>Na tarde desta segunda-feira (24), uma forte chuva acompanhada de granizo foi registrada em S\u00e3o Mateus do Sul.<\/p>\n\n\n\n<p>Tamb\u00e9m houve relatos da queda de granizo nos bairros Vila Americana e Parque das Tamareiras. De acordo com o Corpo de Bombeiros, at\u00e9 o momento, n\u00e3o houve nenhuma confirma\u00e7\u00e3o de danos ou preju\u00edzos.<\/p>\n\n\n\n<p>A Defesa Civil segue monitorando a situa\u00e7\u00e3o. A previs\u00e3o do tempo indica instabilidade em diversas regi\u00f5es do Paran\u00e1, com possibilidade de pancadas isoladas de chuva ao longo da semana.<\/p>\n\n\n\n<figure class=\"wp-block-image size-full\"><img loading=\"lazy\" decoding=\"async\" width=\"598\" height=\"204\" src=\"https:\/\/radiostudiow.com.br\/site\/wp-content\/uploads\/2025\/04\/BOROX.png\" alt=\"\" class=\"wp-image-37229\" srcset=\"https:\/\/radiostudiow.com.br\/site\/wp-content\/uploads\/2025\/04\/BOROX.png 598w, https:\/\/radiostudiow.com.br\/site\/wp-content\/uploads\/2025\/04\/BOROX-300x102.png 300w\" sizes=\"auto, (max-width: 598px) 100vw, 598px\" \/><\/figure>\n","protected":false},"excerpt":{"rendered":"<p>Durante temporal, parte da estrutura da cobertura do Posto Amig\u00e3o, localizado na BR-476 na regi\u00e3o de Fluvi\u00f3polis em S\u00e3o Mateus do Sul, acabou cedendo durante a forte chuva que atingiu o munic\u00edpio na tarde desta segunda-feira (24). Apesar do susto, n\u00e3o h\u00e1 registro de feridos. Respons\u00e1veis pelo estabelecimento estiveram no local para avaliar os danos [&hellip;]<\/p>\n","protected":false},"author":2,"featured_media":45024,"comment_status":"open","ping_status":"open","sticky":false,"template":"","format":"standard","meta":{"footnotes":""},"categories":[185],"tags":[172],"class_list":["post-45023","post","type-post","status-publish","format-standard","has-post-thumbnail","hentry","category-regional","tag-featured"],"amp_enabled":true,"_links":{"self":[{"href":"https:\/\/radiostudiow.com.br\/site\/wp-json\/wp\/v2\/posts\/45023","targetHints":{"allow":["GET"]}}],"collection":[{"href":"https:\/\/radiostudiow.com.br\/site\/wp-json\/wp\/v2\/posts"}],"about":[{"href":"https:\/\/radiostudiow.com.br\/site\/wp-json\/wp\/v2\/types\/post"}],"author":[{"embeddable":true,"href":"https:\/\/radiostudiow.com.br\/site\/wp-json\/wp\/v2\/users\/2"}],"replies":[{"embeddable":true,"href":"https:\/\/radiostudiow.com.br\/site\/wp-json\/wp\/v2\/comments?post=45023"}],"version-history":[{"count":1,"href":"https:\/\/radiostudiow.com.br\/site\/wp-json\/wp\/v2\/posts\/45023\/revisions"}],"predecessor-version":[{"id":45025,"href":"https:\/\/radiostudiow.com.br\/site\/wp-json\/wp\/v2\/posts\/45023\/revisions\/45025"}],"wp:featuredmedia":[{"embeddable":true,"href":"https:\/\/radiostudiow.com.br\/site\/wp-json\/wp\/v2\/media\/45024"}],"wp:attachment":[{"href":"https:\/\/radiostudiow.com.br\/site\/wp-json\/wp\/v2\/media?parent=45023"}],"wp:term":[{"taxonomy":"category","embeddable":true,"href":"https:\/\/radiostudiow.com.br\/site\/wp-json\/wp\/v2\/categories?post=45023"},{"taxonomy":"post_tag","embeddable":true,"href":"https:\/\/radiostudiow.com.br\/site\/wp-json\/wp\/v2\/tags?post=45023"}],"curies":[{"name":"wp","href":"https:\/\/api.w.org\/{rel}","templated":true}]}}