{"id":45029,"date":"2025-11-25T10:10:54","date_gmt":"2025-11-25T13:10:54","guid":{"rendered":"https:\/\/radiostudiow.com.br\/site\/?p=45029"},"modified":"2025-11-25T10:10:54","modified_gmt":"2025-11-25T13:10:54","slug":"homem-e-preso-por-trafico-de-drogas-em-general-carneiro","status":"publish","type":"post","link":"https:\/\/radiostudiow.com.br\/site\/2025\/11\/25\/homem-e-preso-por-trafico-de-drogas-em-general-carneiro\/","title":{"rendered":"Homem \u00e9 preso por tr\u00e1fico de drogas em General Carneiro"},"content":{"rendered":"\n<figure class=\"wp-block-image size-full\"><img loading=\"lazy\" decoding=\"async\" width=\"897\" height=\"204\" src=\"https:\/\/radiostudiow.com.br\/site\/wp-content\/uploads\/2025\/02\/SITE-GRANDE7.png\" alt=\"\" class=\"wp-image-33861\" srcset=\"https:\/\/radiostudiow.com.br\/site\/wp-content\/uploads\/2025\/02\/SITE-GRANDE7.png 897w, https:\/\/radiostudiow.com.br\/site\/wp-content\/uploads\/2025\/02\/SITE-GRANDE7-300x68.png 300w, https:\/\/radiostudiow.com.br\/site\/wp-content\/uploads\/2025\/02\/SITE-GRANDE7-768x175.png 768w\" sizes=\"auto, (max-width: 897px) 100vw, 897px\" \/><\/figure>\n\n\n\n<p>A equipe da Pol\u00edcia Militar de General Carneiro prendeu um homem por tr\u00e1fico de drogas durante patrulhamento no\u00a0Bairro S\u00e3o Jo\u00e3o por volta das 11 horas desta segunda-feira (24). A a\u00e7\u00e3o resultou na apreens\u00e3o de maconha, coca\u00edna e dinheiro.<\/p>\n\n\n\n<p>Durante a abordagem em via p\u00fablica, os policiais localizaram com o indiv\u00edduo uma por\u00e7\u00e3o de subst\u00e2ncia semelhante \u00e0 maconha. Dando sequ\u00eancia \u00e0 ocorr\u00eancia, a equipe policial se dirigiu \u00e0 resid\u00eancia vinculada ao suspeito.<\/p>\n\n\n\n<figure class=\"wp-block-image size-full\"><img loading=\"lazy\" decoding=\"async\" width=\"598\" height=\"204\" src=\"https:\/\/radiostudiow.com.br\/site\/wp-content\/uploads\/2025\/05\/POLAK.png\" alt=\"\" class=\"wp-image-37847\" srcset=\"https:\/\/radiostudiow.com.br\/site\/wp-content\/uploads\/2025\/05\/POLAK.png 598w, https:\/\/radiostudiow.com.br\/site\/wp-content\/uploads\/2025\/05\/POLAK-300x102.png 300w\" sizes=\"auto, (max-width: 598px) 100vw, 598px\" \/><\/figure>\n\n\n\n<p><\/p>\n\n\n\n<p>No local, foram encontradas caixas contendo v\u00e1rias por\u00e7\u00f5es de maconha e coca\u00edna, que j\u00e1 estavam preparadas para venda, al\u00e9m de uma certa quantia em dinheiro.<\/p>\n\n\n\n<p>Diante dos fatos, o homem foi encaminhado \u00e0 delegacia para apura\u00e7\u00e3o dos crimes de tr\u00e1fico de drogas, desacato e associa\u00e7\u00e3o criminosa. A Pol\u00edcia Militar refor\u00e7a o combate ao tr\u00e1fico de entorpecentes na regi\u00e3o.<\/p>\n\n\n\n<p><a target=\"_blank\" href=\"mailto:?subject=Pol%C3%ADcia%20Militar%20prende%20homem%20por%20tr%C3%A1fico%20de%20drogas%20em%20General%20Carneiro&amp;body=https:\/\/www.vvale.com.br\/seguranca\/policia-militar-prende-homem-por-trafico-de-drogas-em-general-carneiro-2\/\" rel=\"noreferrer noopener\"><\/a><\/p>\n\n\n\n<p><\/p>\n","protected":false},"excerpt":{"rendered":"<p>A equipe da Pol\u00edcia Militar de General Carneiro prendeu um homem por tr\u00e1fico de drogas durante patrulhamento no\u00a0Bairro S\u00e3o Jo\u00e3o por volta das 11 horas desta segunda-feira (24). A a\u00e7\u00e3o resultou na apreens\u00e3o de maconha, coca\u00edna e dinheiro. Durante a abordagem em via p\u00fablica, os policiais localizaram com o indiv\u00edduo uma por\u00e7\u00e3o de subst\u00e2ncia semelhante [&hellip;]<\/p>\n","protected":false},"author":2,"featured_media":45030,"comment_status":"open","ping_status":"open","sticky":false,"template":"","format":"standard","meta":{"footnotes":""},"categories":[2],"tags":[172],"class_list":["post-45029","post","type-post","status-publish","format-standard","has-post-thumbnail","hentry","category-policial","tag-featured"],"amp_enabled":true,"_links":{"self":[{"href":"https:\/\/radiostudiow.com.br\/site\/wp-json\/wp\/v2\/posts\/45029","targetHints":{"allow":["GET"]}}],"collection":[{"href":"https:\/\/radiostudiow.com.br\/site\/wp-json\/wp\/v2\/posts"}],"about":[{"href":"https:\/\/radiostudiow.com.br\/site\/wp-json\/wp\/v2\/types\/post"}],"author":[{"embeddable":true,"href":"https:\/\/radiostudiow.com.br\/site\/wp-json\/wp\/v2\/users\/2"}],"replies":[{"embeddable":true,"href":"https:\/\/radiostudiow.com.br\/site\/wp-json\/wp\/v2\/comments?post=45029"}],"version-history":[{"count":1,"href":"https:\/\/radiostudiow.com.br\/site\/wp-json\/wp\/v2\/posts\/45029\/revisions"}],"predecessor-version":[{"id":45031,"href":"https:\/\/radiostudiow.com.br\/site\/wp-json\/wp\/v2\/posts\/45029\/revisions\/45031"}],"wp:featuredmedia":[{"embeddable":true,"href":"https:\/\/radiostudiow.com.br\/site\/wp-json\/wp\/v2\/media\/45030"}],"wp:attachment":[{"href":"https:\/\/radiostudiow.com.br\/site\/wp-json\/wp\/v2\/media?parent=45029"}],"wp:term":[{"taxonomy":"category","embeddable":true,"href":"https:\/\/radiostudiow.com.br\/site\/wp-json\/wp\/v2\/categories?post=45029"},{"taxonomy":"post_tag","embeddable":true,"href":"https:\/\/radiostudiow.com.br\/site\/wp-json\/wp\/v2\/tags?post=45029"}],"curies":[{"name":"wp","href":"https:\/\/api.w.org\/{rel}","templated":true}]}}