{"id":45032,"date":"2025-11-25T10:45:09","date_gmt":"2025-11-25T13:45:09","guid":{"rendered":"https:\/\/radiostudiow.com.br\/site\/?p=45032"},"modified":"2025-11-25T10:45:53","modified_gmt":"2025-11-25T13:45:53","slug":"ponta-grossa-e-coberto-por-gelo-apos-registrar-tempestade-de-granizo","status":"publish","type":"post","link":"https:\/\/radiostudiow.com.br\/site\/2025\/11\/25\/ponta-grossa-e-coberto-por-gelo-apos-registrar-tempestade-de-granizo\/","title":{"rendered":"Ponta Grossa \u00e9 coberto por gelo ap\u00f3s registrar tempestade de granizo"},"content":{"rendered":"\n<p>Uma tempestade de granizo de forte intensidade atingiu Ponta Grossa, nos Campos Gerais do Paran\u00e1, na tarde desta segunda-feira, 24 de novembro, transformando a paisagem da cidade.<\/p>\n\n\n\n<p>O temporal, que come\u00e7ou por volta das 17h45, surpreendeu os moradores pelo volume de pedras de gelo que se acumularam nas ruas, dando \u00e0 cidade uma apar\u00eancia de nevasca.<\/p>\n\n\n\n<figure class=\"wp-block-image size-full\"><img loading=\"lazy\" decoding=\"async\" width=\"897\" height=\"204\" src=\"https:\/\/radiostudiow.com.br\/site\/wp-content\/uploads\/2025\/03\/BARAO-NOVO-NOTICIAS-1.jpg\" alt=\"\" class=\"wp-image-35084\" srcset=\"https:\/\/radiostudiow.com.br\/site\/wp-content\/uploads\/2025\/03\/BARAO-NOVO-NOTICIAS-1.jpg 897w, https:\/\/radiostudiow.com.br\/site\/wp-content\/uploads\/2025\/03\/BARAO-NOVO-NOTICIAS-1-300x68.jpg 300w, https:\/\/radiostudiow.com.br\/site\/wp-content\/uploads\/2025\/03\/BARAO-NOVO-NOTICIAS-1-768x175.jpg 768w\" sizes=\"auto, (max-width: 897px) 100vw, 897px\" \/><\/figure>\n\n\n\n<p>As pedras de gelo, que chegaram a ter aproximadamente&nbsp;3 cm de di\u00e2metro, ca\u00edram em grande quantidade, cobrindo ruas, cal\u00e7adas e telhados. O fen\u00f4meno causou estragos em diversos bairros, incluindo&nbsp;Uvaranas, Car\u00e1-Car\u00e1, Olarias, Oficinas, Boa Vista, 31 de Mar\u00e7o, Vila Princesa, Vila Marina e Jardim Carvalho, entre outros.<\/p>\n\n\n\n<div class=\"wp-block-media-text is-stacked-on-mobile\"><figure class=\"wp-block-media-text__media\"><img loading=\"lazy\" decoding=\"async\" width=\"600\" height=\"600\" src=\"https:\/\/radiostudiow.com.br\/site\/wp-content\/uploads\/2025\/11\/image-69.png\" alt=\"\" class=\"wp-image-45033 size-full\" srcset=\"https:\/\/radiostudiow.com.br\/site\/wp-content\/uploads\/2025\/11\/image-69.png 600w, https:\/\/radiostudiow.com.br\/site\/wp-content\/uploads\/2025\/11\/image-69-300x300.png 300w, https:\/\/radiostudiow.com.br\/site\/wp-content\/uploads\/2025\/11\/image-69-80x80.png 80w\" sizes=\"auto, (max-width: 600px) 100vw, 600px\" \/><\/figure><div class=\"wp-block-media-text__content\">\n<p><strong>Danos e Ajuda do Governo:<\/strong><\/p>\n\n\n\n<p>O impacto do granizo provocou&nbsp;destelhamentos&nbsp;em resid\u00eancias e estabelecimentos. Um supermercado teve parte da cobertura comprometida, e ruas ficaram parcialmente alagadas pelo r\u00e1pido ac\u00famulo de gelo. Segundo o Simepar, o momento da tempestade foi flagrado pelos radares por volta das 17h, com o temporal atravessando a \u00e1rea urbana de Sul para Norte.<\/p>\n<\/div><\/div>\n\n\n\n<p><\/p>\n\n\n\n<p><strong>Em resposta \u00e0 emerg\u00eancia, o&nbsp;Governo do Paran\u00e1, por meio da Coordenadoria da Defesa Civil, agiu rapidamente. Na mesma noite, foi enviado um caminh\u00e3o com:<\/strong><\/p>\n\n\n\n<ul class=\"wp-block-list\">\n<li><strong>&#8211; <\/strong><strong>Lonas:<\/strong>&nbsp;8 paletes de 27 rolos de lona 4\u00d7100<\/li>\n\n\n\n<li><strong>&#8211; <\/strong> <strong>Kits Dormit\u00f3rio:<\/strong>&nbsp;300 kits (com len\u00e7ol, travesseiro, cobertor, fronha, etc)<\/li>\n<\/ul>\n\n\n\n<p>Para esta ter\u00e7a-feira (25), a Defesa Civil confirmou o envio de&nbsp;2.600 telhas e 300 colch\u00f5es&nbsp;para auxiliar as fam\u00edlias afetadas.<\/p>\n\n\n\n<figure class=\"wp-block-image size-full\"><img loading=\"lazy\" decoding=\"async\" width=\"598\" height=\"204\" src=\"https:\/\/radiostudiow.com.br\/site\/wp-content\/uploads\/2024\/01\/SITE-MEDIO.png\" alt=\"\" class=\"wp-image-18916\" srcset=\"https:\/\/radiostudiow.com.br\/site\/wp-content\/uploads\/2024\/01\/SITE-MEDIO.png 598w, https:\/\/radiostudiow.com.br\/site\/wp-content\/uploads\/2024\/01\/SITE-MEDIO-300x102.png 300w\" sizes=\"auto, (max-width: 598px) 100vw, 598px\" \/><\/figure>\n\n\n\n<p><strong>A prefeitura de Ponta Grossa separou tr\u00eas pontos estrat\u00e9gicos para a distribui\u00e7\u00e3o dos itens de aux\u00edlio:<\/strong><\/p>\n\n\n\n<ul class=\"wp-block-list\">\n<li>&#8211; Corpo de Bombeiros do Centro<\/li>\n\n\n\n<li>&#8211; Corpo de Bombeiros do bairro Uvaranas<\/li>\n\n\n\n<li>&#8211; Gin\u00e1sio de Esportes do Santa M\u00f4nica<\/li>\n<\/ul>\n\n\n\n<p><\/p>\n\n\n\n<p>Equipes do Corpo de Bombeiros e da Defesa Civil seguem mobilizadas, atendendo chamadas de destelhamentos e danos estruturais. O mapeamento oficial dos estragos e o n\u00famero exato de fam\u00edlias afetadas ainda est\u00e3o sendo finalizados.<\/p>\n\n\n\n<figure class=\"wp-block-video\"><video height=\"854\" style=\"aspect-ratio: 480 \/ 854;\" width=\"480\" controls src=\"https:\/\/radiostudiow.com.br\/site\/wp-content\/uploads\/2025\/11\/24-11-\u26a0\ufe0f-Tempestade-de-granizo-na-cidade-de-Ponta-Grossa-PR-nesta-tarde-de-segunda-feira.GrupoB.mp4\"><\/video><\/figure>\n","protected":false},"excerpt":{"rendered":"<p>Uma tempestade de granizo de forte intensidade atingiu Ponta Grossa, nos Campos Gerais do Paran\u00e1, na tarde desta segunda-feira, 24 de novembro, transformando a paisagem da cidade. O temporal, que come\u00e7ou por volta das 17h45, surpreendeu os moradores pelo volume de pedras de gelo que se acumularam nas ruas, dando \u00e0 cidade uma apar\u00eancia de [&hellip;]<\/p>\n","protected":false},"author":2,"featured_media":45034,"comment_status":"open","ping_status":"open","sticky":false,"template":"","format":"standard","meta":{"footnotes":""},"categories":[185],"tags":[172],"class_list":["post-45032","post","type-post","status-publish","format-standard","has-post-thumbnail","hentry","category-regional","tag-featured"],"amp_enabled":true,"_links":{"self":[{"href":"https:\/\/radiostudiow.com.br\/site\/wp-json\/wp\/v2\/posts\/45032","targetHints":{"allow":["GET"]}}],"collection":[{"href":"https:\/\/radiostudiow.com.br\/site\/wp-json\/wp\/v2\/posts"}],"about":[{"href":"https:\/\/radiostudiow.com.br\/site\/wp-json\/wp\/v2\/types\/post"}],"author":[{"embeddable":true,"href":"https:\/\/radiostudiow.com.br\/site\/wp-json\/wp\/v2\/users\/2"}],"replies":[{"embeddable":true,"href":"https:\/\/radiostudiow.com.br\/site\/wp-json\/wp\/v2\/comments?post=45032"}],"version-history":[{"count":2,"href":"https:\/\/radiostudiow.com.br\/site\/wp-json\/wp\/v2\/posts\/45032\/revisions"}],"predecessor-version":[{"id":45038,"href":"https:\/\/radiostudiow.com.br\/site\/wp-json\/wp\/v2\/posts\/45032\/revisions\/45038"}],"wp:featuredmedia":[{"embeddable":true,"href":"https:\/\/radiostudiow.com.br\/site\/wp-json\/wp\/v2\/media\/45034"}],"wp:attachment":[{"href":"https:\/\/radiostudiow.com.br\/site\/wp-json\/wp\/v2\/media?parent=45032"}],"wp:term":[{"taxonomy":"category","embeddable":true,"href":"https:\/\/radiostudiow.com.br\/site\/wp-json\/wp\/v2\/categories?post=45032"},{"taxonomy":"post_tag","embeddable":true,"href":"https:\/\/radiostudiow.com.br\/site\/wp-json\/wp\/v2\/tags?post=45032"}],"curies":[{"name":"wp","href":"https:\/\/api.w.org\/{rel}","templated":true}]}}