{"id":45042,"date":"2025-11-25T17:19:18","date_gmt":"2025-11-25T20:19:18","guid":{"rendered":"https:\/\/radiostudiow.com.br\/site\/?p=45042"},"modified":"2025-11-25T17:19:57","modified_gmt":"2025-11-25T20:19:57","slug":"morre-antonio-remi-iusviak-ex-candidato-a-prefeitura-de-cruz-machado","status":"publish","type":"post","link":"https:\/\/radiostudiow.com.br\/site\/2025\/11\/25\/morre-antonio-remi-iusviak-ex-candidato-a-prefeitura-de-cruz-machado\/","title":{"rendered":"Morre Antonio Remi Iusviak, ex-candidato \u00e0 Prefeitura de Cruz Machado"},"content":{"rendered":"\n<p>Faleceu nesta segunda-feira (24)\u00a0Antonio Remi Iusviak, de 54 anos, natural de Cruz Machado. Agricultor, ele n\u00e3o teve a causa da morte confirmada at\u00e9 o momento.<\/p>\n\n\n\n<p>Remi disputou a Prefeitura de Cruz Machado em duas oportunidades, sendo a \u00faltima em 2024, pelo partido Avante.<\/p>\n\n\n\n<figure class=\"wp-block-image size-full\"><img loading=\"lazy\" decoding=\"async\" width=\"897\" height=\"207\" src=\"https:\/\/radiostudiow.com.br\/site\/wp-content\/uploads\/2025\/07\/TIJOLAO.png\" alt=\"\" class=\"wp-image-40184\" srcset=\"https:\/\/radiostudiow.com.br\/site\/wp-content\/uploads\/2025\/07\/TIJOLAO.png 897w, https:\/\/radiostudiow.com.br\/site\/wp-content\/uploads\/2025\/07\/TIJOLAO-300x69.png 300w, https:\/\/radiostudiow.com.br\/site\/wp-content\/uploads\/2025\/07\/TIJOLAO-768x177.png 768w\" sizes=\"auto, (max-width: 897px) 100vw, 897px\" \/><\/figure>\n\n\n\n<p>Naquele ano, participou das sabatinas promovidas pelo jornal O Com\u00e9rcio com os candidatos das elei\u00e7\u00f5es municipais.<\/p>\n\n\n\n<p><em>O vel\u00f3rio ocorreu na Capela Faustino Cieslak, em Uni\u00e3o da Vit\u00f3ria. O sepultamento ocorreu nesta ter\u00e7a-feira (25), no Cemit\u00e9rio de S\u00e3o Crist\u00f3v\u00e3o.<\/em><\/p>\n\n\n\n<p>Fonte: Jornal O Com\u00e9rcio<\/p>\n","protected":false},"excerpt":{"rendered":"<p>Faleceu nesta segunda-feira (24)\u00a0Antonio Remi Iusviak, de 54 anos, natural de Cruz Machado. Agricultor, ele n\u00e3o teve a causa da morte confirmada at\u00e9 o momento. Remi disputou a Prefeitura de Cruz Machado em duas oportunidades, sendo a \u00faltima em 2024, pelo partido Avante. Naquele ano, participou das sabatinas promovidas pelo jornal O Com\u00e9rcio com os [&hellip;]<\/p>\n","protected":false},"author":2,"featured_media":45043,"comment_status":"open","ping_status":"open","sticky":false,"template":"","format":"standard","meta":{"footnotes":""},"categories":[185],"tags":[172],"class_list":["post-45042","post","type-post","status-publish","format-standard","has-post-thumbnail","hentry","category-regional","tag-featured"],"amp_enabled":true,"_links":{"self":[{"href":"https:\/\/radiostudiow.com.br\/site\/wp-json\/wp\/v2\/posts\/45042","targetHints":{"allow":["GET"]}}],"collection":[{"href":"https:\/\/radiostudiow.com.br\/site\/wp-json\/wp\/v2\/posts"}],"about":[{"href":"https:\/\/radiostudiow.com.br\/site\/wp-json\/wp\/v2\/types\/post"}],"author":[{"embeddable":true,"href":"https:\/\/radiostudiow.com.br\/site\/wp-json\/wp\/v2\/users\/2"}],"replies":[{"embeddable":true,"href":"https:\/\/radiostudiow.com.br\/site\/wp-json\/wp\/v2\/comments?post=45042"}],"version-history":[{"count":2,"href":"https:\/\/radiostudiow.com.br\/site\/wp-json\/wp\/v2\/posts\/45042\/revisions"}],"predecessor-version":[{"id":45045,"href":"https:\/\/radiostudiow.com.br\/site\/wp-json\/wp\/v2\/posts\/45042\/revisions\/45045"}],"wp:featuredmedia":[{"embeddable":true,"href":"https:\/\/radiostudiow.com.br\/site\/wp-json\/wp\/v2\/media\/45043"}],"wp:attachment":[{"href":"https:\/\/radiostudiow.com.br\/site\/wp-json\/wp\/v2\/media?parent=45042"}],"wp:term":[{"taxonomy":"category","embeddable":true,"href":"https:\/\/radiostudiow.com.br\/site\/wp-json\/wp\/v2\/categories?post=45042"},{"taxonomy":"post_tag","embeddable":true,"href":"https:\/\/radiostudiow.com.br\/site\/wp-json\/wp\/v2\/tags?post=45042"}],"curies":[{"name":"wp","href":"https:\/\/api.w.org\/{rel}","templated":true}]}}