{"id":45046,"date":"2025-11-25T18:14:42","date_gmt":"2025-11-25T21:14:42","guid":{"rendered":"https:\/\/radiostudiow.com.br\/site\/?p=45046"},"modified":"2025-11-25T18:14:43","modified_gmt":"2025-11-25T21:14:43","slug":"pm-lanca-operacao-natal-2025-com-reforco-no-policiamento-em-irati","status":"publish","type":"post","link":"https:\/\/radiostudiow.com.br\/site\/2025\/11\/25\/pm-lanca-operacao-natal-2025-com-reforco-no-policiamento-em-irati\/","title":{"rendered":"PM lan\u00e7a Opera\u00e7\u00e3o Natal 2025 com refor\u00e7o no policiamento em Irati"},"content":{"rendered":"\n<figure class=\"wp-block-image size-full is-resized\"><img loading=\"lazy\" decoding=\"async\" width=\"1024\" height=\"591\" src=\"https:\/\/radiostudiow.com.br\/site\/wp-content\/uploads\/2025\/09\/CASA-DO-CRIADOR.png\" alt=\"\" class=\"wp-image-42859\" style=\"width:456px;height:auto\" srcset=\"https:\/\/radiostudiow.com.br\/site\/wp-content\/uploads\/2025\/09\/CASA-DO-CRIADOR.png 1024w, https:\/\/radiostudiow.com.br\/site\/wp-content\/uploads\/2025\/09\/CASA-DO-CRIADOR-300x173.png 300w, https:\/\/radiostudiow.com.br\/site\/wp-content\/uploads\/2025\/09\/CASA-DO-CRIADOR-768x443.png 768w\" sizes=\"auto, (max-width: 1024px) 100vw, 1024px\" \/><\/figure>\n\n\n\n<p class=\"has-text-align-center\"><em><strong>Da reda\u00e7\u00e3o Naju\u00e1<\/strong><\/em><\/p>\n\n\n\n<p>A 8\u00aa Companhia Independente da Pol\u00edcia Militar lan\u00e7ou ontem, segunda-feira, 24, a Opera\u00e7\u00e3o Natal 2025.\u00a0O objetivo da opera\u00e7\u00e3o, segundo o aspirante a oficial da PM, Rafael Andreoli Ogg, \u00e9 planejar e executar a\u00e7\u00f5es da Pol\u00edcia Militar para prevenir e coibir delitos nesta \u00e9poca do ano, em que h\u00e1 uma maior concentra\u00e7\u00e3o de pessoas nas lojas.<\/p>\n\n\n\n<p><strong><em>\u201cNeste sentido, ocorre um refor\u00e7o no policiamento nestas regi\u00f5es, atrav\u00e9s de escalas extrajornada, o efetivo administrativo tamb\u00e9m estar\u00e1 refor\u00e7ando a nossa escala. Desta maneira, estaremos refor\u00e7ando o nosso policiamento, visando trazer maior seguran\u00e7a para a nossa popula\u00e7\u00e3o de Irati. Como n\u00f3s temos nossas escalas ordin\u00e1rias, tendo em vista que ocorre uma diferencia\u00e7\u00e3o, um hor\u00e1rio diferenciado do com\u00e9rcio, que estar\u00e1 fechando mais tarde, visando uma adequa\u00e7\u00e3o \u00e0 mudan\u00e7a de rotina da cidade, as nossas escalas estar\u00e3o se estendendo em hor\u00e1rios de refor\u00e7o at\u00e9 o fechamento do com\u00e9rcio, e assim trazendo mais seguran\u00e7a para os comerciantes e a popula\u00e7\u00e3o em geral\u201d<\/em><\/strong><em>, frisou.<\/em><\/p>\n\n\n\n<figure class=\"wp-block-gallery has-nested-images columns-default is-cropped wp-block-gallery-1 is-layout-flex wp-block-gallery-is-layout-flex\">\n<figure class=\"wp-block-image size-large\"><img loading=\"lazy\" decoding=\"async\" width=\"300\" height=\"180\" data-id=\"38684\" src=\"https:\/\/radiostudiow.com.br\/site\/wp-content\/uploads\/2025\/05\/SITE-PEQUENO.jpg\" alt=\"\" class=\"wp-image-38684\"\/><\/figure>\n\n\n\n<figure class=\"wp-block-image size-large\"><img decoding=\"async\" data-id=\"44123\" src=\"https:\/\/radiostudiow.com.br\/site\/wp-content\/uploads\/2025\/10\/SUPREMA-BARBA.png\" alt=\"\" class=\"wp-image-44123\"\/><\/figure>\n<\/figure>\n\n\n\n<p>O refor\u00e7o no policiamento vai acontecer tanto na \u00e1rea central quanto nos bairros de Irati. O aspirante contou que os patrulhamentos ser\u00e3o feitos de diversas formas.<\/p>\n\n\n\n<p><strong><em>\u201cOcorrer\u00e1 de diversas formas, tanto na modalidade policiamento motorizado, que s\u00e3o as nossas viaturas ostensivas aqui na regi\u00e3o central, como tamb\u00e9m ocorrer\u00e1 na modalidade de patrulhamento a p\u00e9, visando uma maior proximidade com os com\u00e9rcios. Ocorrer\u00e3o policiamentos na modalidade ponto-base, no qual os policiais permanecer\u00e3o em pontos estrat\u00e9gicos do munic\u00edpio, visando tentar se postar da maneira mais ostensiva poss\u00edvel\u201d<\/em><\/strong><em>, comentou.<\/em><\/p>\n\n\n\n<p>Com este tipo de opera\u00e7\u00e3o, a PM visa se aproximar ainda mais da popula\u00e7\u00e3o, segundo Rafael. <strong><em>\u201cA Pol\u00edcia Militar visa cada vez mais se integrar e se tornar pr\u00f3xima da popula\u00e7\u00e3o. Atrav\u00e9s de a\u00e7\u00f5es de policiamento de proximidade, tentamos ao m\u00e1ximo nos tornarmos mais pr\u00f3ximos e acess\u00edveis \u00e0 popula\u00e7\u00e3o\u201d<\/em><\/strong><em>, finalizou.<\/em><\/p>\n\n\n\n<figure class=\"wp-block-image size-large\"><img loading=\"lazy\" decoding=\"async\" width=\"1024\" height=\"576\" src=\"https:\/\/radiostudiow.com.br\/site\/wp-content\/uploads\/2025\/11\/image-72-1024x576.png\" alt=\"\" class=\"wp-image-45048\" srcset=\"https:\/\/radiostudiow.com.br\/site\/wp-content\/uploads\/2025\/11\/image-72-1024x576.png 1024w, https:\/\/radiostudiow.com.br\/site\/wp-content\/uploads\/2025\/11\/image-72-300x169.png 300w, https:\/\/radiostudiow.com.br\/site\/wp-content\/uploads\/2025\/11\/image-72-768x432.png 768w, https:\/\/radiostudiow.com.br\/site\/wp-content\/uploads\/2025\/11\/image-72.png 1280w\" sizes=\"auto, (max-width: 1024px) 100vw, 1024px\" \/><figcaption class=\"wp-element-caption\">Fotos: Diego Gauron<\/figcaption><\/figure>\n\n\n\n<p><\/p>\n","protected":false},"excerpt":{"rendered":"<p>Da reda\u00e7\u00e3o Naju\u00e1 A 8\u00aa Companhia Independente da Pol\u00edcia Militar lan\u00e7ou ontem, segunda-feira, 24, a Opera\u00e7\u00e3o Natal 2025.\u00a0O objetivo da opera\u00e7\u00e3o, segundo o aspirante a oficial da PM, Rafael Andreoli Ogg, \u00e9 planejar e executar a\u00e7\u00f5es da Pol\u00edcia Militar para prevenir e coibir delitos nesta \u00e9poca do ano, em que h\u00e1 uma maior concentra\u00e7\u00e3o de [&hellip;]<\/p>\n","protected":false},"author":2,"featured_media":45047,"comment_status":"open","ping_status":"open","sticky":false,"template":"","format":"standard","meta":{"footnotes":""},"categories":[2],"tags":[172],"class_list":["post-45046","post","type-post","status-publish","format-standard","has-post-thumbnail","hentry","category-policial","tag-featured"],"amp_enabled":true,"_links":{"self":[{"href":"https:\/\/radiostudiow.com.br\/site\/wp-json\/wp\/v2\/posts\/45046","targetHints":{"allow":["GET"]}}],"collection":[{"href":"https:\/\/radiostudiow.com.br\/site\/wp-json\/wp\/v2\/posts"}],"about":[{"href":"https:\/\/radiostudiow.com.br\/site\/wp-json\/wp\/v2\/types\/post"}],"author":[{"embeddable":true,"href":"https:\/\/radiostudiow.com.br\/site\/wp-json\/wp\/v2\/users\/2"}],"replies":[{"embeddable":true,"href":"https:\/\/radiostudiow.com.br\/site\/wp-json\/wp\/v2\/comments?post=45046"}],"version-history":[{"count":1,"href":"https:\/\/radiostudiow.com.br\/site\/wp-json\/wp\/v2\/posts\/45046\/revisions"}],"predecessor-version":[{"id":45049,"href":"https:\/\/radiostudiow.com.br\/site\/wp-json\/wp\/v2\/posts\/45046\/revisions\/45049"}],"wp:featuredmedia":[{"embeddable":true,"href":"https:\/\/radiostudiow.com.br\/site\/wp-json\/wp\/v2\/media\/45047"}],"wp:attachment":[{"href":"https:\/\/radiostudiow.com.br\/site\/wp-json\/wp\/v2\/media?parent=45046"}],"wp:term":[{"taxonomy":"category","embeddable":true,"href":"https:\/\/radiostudiow.com.br\/site\/wp-json\/wp\/v2\/categories?post=45046"},{"taxonomy":"post_tag","embeddable":true,"href":"https:\/\/radiostudiow.com.br\/site\/wp-json\/wp\/v2\/tags?post=45046"}],"curies":[{"name":"wp","href":"https:\/\/api.w.org\/{rel}","templated":true}]}}