{"id":45060,"date":"2025-11-26T10:51:35","date_gmt":"2025-11-26T13:51:35","guid":{"rendered":"https:\/\/radiostudiow.com.br\/site\/?p=45060"},"modified":"2025-11-26T10:56:48","modified_gmt":"2025-11-26T13:56:48","slug":"assaltante-e-preso-apos-manter-funcionario-de-conveniencia-como-refem-e-tentar-fugir-para-area-de-mata-na-br-153-em-general-carneiro","status":"publish","type":"post","link":"https:\/\/radiostudiow.com.br\/site\/2025\/11\/26\/assaltante-e-preso-apos-manter-funcionario-de-conveniencia-como-refem-e-tentar-fugir-para-area-de-mata-na-br-153-em-general-carneiro\/","title":{"rendered":"Assalto e sequestro em Porto Uni\u00e3o terminam com pris\u00e3o de suspeito em General Carneiro"},"content":{"rendered":"\n<figure class=\"wp-block-image size-full\"><img loading=\"lazy\" decoding=\"async\" width=\"897\" height=\"207\" src=\"https:\/\/radiostudiow.com.br\/site\/wp-content\/uploads\/2025\/07\/TIJOLAO.png\" alt=\"\" class=\"wp-image-40184\" srcset=\"https:\/\/radiostudiow.com.br\/site\/wp-content\/uploads\/2025\/07\/TIJOLAO.png 897w, https:\/\/radiostudiow.com.br\/site\/wp-content\/uploads\/2025\/07\/TIJOLAO-300x69.png 300w, https:\/\/radiostudiow.com.br\/site\/wp-content\/uploads\/2025\/07\/TIJOLAO-768x177.png 768w\" sizes=\"auto, (max-width: 897px) 100vw, 897px\" \/><\/figure>\n\n\n\n<p><\/p>\n\n\n\n<p style=\"font-size:21px\">A Pol\u00edcia Militar prendeu, na manh\u00e3 desta ter\u00e7a-feira (25), um homem acusado de assaltar uma conveni\u00eancia em Porto Uni\u00e3o (SC), sequestrar um funcion\u00e1rio e tentar fugir para uma \u00e1rea de mata \u00e0s margens da BR-153, na regi\u00e3o do bairro S\u00e3o Miguel, em General Carneiro.<\/p>\n\n\n\n<p style=\"font-size:21px\">Segundo o boletim de ocorr\u00eancia, por volta das 8h, transeuntes acionaram a pol\u00edcia ap\u00f3s notarem dois indiv\u00edduos escondidos na mata pr\u00f3xima \u00e0 Estrada da Serraria.<\/p>\n\n\n\n<p style=\"font-size:21px\">Ao chegar ao local, a equipe policial flagrou um dos suspeitos tentando fugir, mas ele acabou detido. Pr\u00f3ximo a ele estava outro homem, que imediatamente relatou ser v\u00edtima de sequestro.<\/p>\n\n\n\n<p><\/p>\n\n\n\n<figure class=\"wp-block-gallery has-nested-images columns-default is-cropped wp-block-gallery-1 is-layout-flex wp-block-gallery-is-layout-flex\">\n<figure class=\"wp-block-image size-large\"><img loading=\"lazy\" decoding=\"async\" width=\"598\" height=\"204\" data-id=\"39667\" src=\"https:\/\/radiostudiow.com.br\/site\/wp-content\/uploads\/2025\/06\/SITE-MEDIO.png\" alt=\"\" class=\"wp-image-39667\" srcset=\"https:\/\/radiostudiow.com.br\/site\/wp-content\/uploads\/2025\/06\/SITE-MEDIO.png 598w, https:\/\/radiostudiow.com.br\/site\/wp-content\/uploads\/2025\/06\/SITE-MEDIO-300x102.png 300w\" sizes=\"auto, (max-width: 598px) 100vw, 598px\" \/><\/figure>\n\n\n\n<figure class=\"wp-block-image size-large\"><img loading=\"lazy\" decoding=\"async\" width=\"598\" height=\"204\" data-id=\"39619\" src=\"https:\/\/radiostudiow.com.br\/site\/wp-content\/uploads\/2025\/06\/GIF-medio-1.gif\" alt=\"\" class=\"wp-image-39619\"\/><\/figure>\n<\/figure>\n\n\n\n<p><\/p>\n\n\n\n<p style=\"font-size:21px\">O funcion\u00e1rio contou que trabalhava em uma conveni\u00eancia em Porto Uni\u00e3o quando o suspeito anunciou o assalto, obrigando-o a recolher diversos produtos e coloc\u00e1-los em um Fiat Palio.<\/p>\n\n\n\n<p style=\"font-size:21px\">Em seguida, o criminoso teria o mantido em cativeiro, vendado e amarrado. A v\u00edtima ainda afirmou que o sequestrador chegou a ligar para o propriet\u00e1rio do estabelecimento exigindo dinheiro para libert\u00e1-lo.<\/p>\n\n\n\n<p style=\"font-size:21px\">O ve\u00edculo utilizado na fuga foi encontrado nas proximidades carregado com o material roubado: <strong>33 garrafas de bebidas, 41 barras de chocolate, um monitor de computador, um teclado e cerca de 432 carteiras de cigarro<\/strong>.<\/p>\n\n\n\n<p style=\"font-size:21px\">O suspeito recebeu voz de pris\u00e3o e, juntamente com a v\u00edtima, foi encaminhado \u00e0 delegacia para os procedimentos cab\u00edveis. A pol\u00edcia investiga se o homem agiu sozinho ou se h\u00e1 outros envolvidos no crime.<\/p>\n\n\n\n<p><\/p>\n\n\n\n<figure class=\"wp-block-image size-full\"><img loading=\"lazy\" decoding=\"async\" width=\"897\" height=\"204\" src=\"https:\/\/radiostudiow.com.br\/site\/wp-content\/uploads\/2025\/06\/BARROS.png\" alt=\"\" class=\"wp-image-39575\" srcset=\"https:\/\/radiostudiow.com.br\/site\/wp-content\/uploads\/2025\/06\/BARROS.png 897w, https:\/\/radiostudiow.com.br\/site\/wp-content\/uploads\/2025\/06\/BARROS-300x68.png 300w, https:\/\/radiostudiow.com.br\/site\/wp-content\/uploads\/2025\/06\/BARROS-768x175.png 768w\" sizes=\"auto, (max-width: 897px) 100vw, 897px\" \/><\/figure>\n","protected":false},"excerpt":{"rendered":"<p>A Pol\u00edcia Militar prendeu, na manh\u00e3 desta ter\u00e7a-feira (25), um homem acusado de assaltar uma conveni\u00eancia em Porto Uni\u00e3o (SC), sequestrar um funcion\u00e1rio e tentar fugir para uma \u00e1rea de mata \u00e0s margens da BR-153, na regi\u00e3o do bairro S\u00e3o Miguel, em General Carneiro. Segundo o boletim de ocorr\u00eancia, por volta das 8h, transeuntes acionaram [&hellip;]<\/p>\n","protected":false},"author":2,"featured_media":45065,"comment_status":"open","ping_status":"open","sticky":false,"template":"","format":"standard","meta":{"footnotes":""},"categories":[2,185],"tags":[172],"class_list":["post-45060","post","type-post","status-publish","format-standard","has-post-thumbnail","hentry","category-policial","category-regional","tag-featured"],"amp_enabled":true,"_links":{"self":[{"href":"https:\/\/radiostudiow.com.br\/site\/wp-json\/wp\/v2\/posts\/45060","targetHints":{"allow":["GET"]}}],"collection":[{"href":"https:\/\/radiostudiow.com.br\/site\/wp-json\/wp\/v2\/posts"}],"about":[{"href":"https:\/\/radiostudiow.com.br\/site\/wp-json\/wp\/v2\/types\/post"}],"author":[{"embeddable":true,"href":"https:\/\/radiostudiow.com.br\/site\/wp-json\/wp\/v2\/users\/2"}],"replies":[{"embeddable":true,"href":"https:\/\/radiostudiow.com.br\/site\/wp-json\/wp\/v2\/comments?post=45060"}],"version-history":[{"count":2,"href":"https:\/\/radiostudiow.com.br\/site\/wp-json\/wp\/v2\/posts\/45060\/revisions"}],"predecessor-version":[{"id":45067,"href":"https:\/\/radiostudiow.com.br\/site\/wp-json\/wp\/v2\/posts\/45060\/revisions\/45067"}],"wp:featuredmedia":[{"embeddable":true,"href":"https:\/\/radiostudiow.com.br\/site\/wp-json\/wp\/v2\/media\/45065"}],"wp:attachment":[{"href":"https:\/\/radiostudiow.com.br\/site\/wp-json\/wp\/v2\/media?parent=45060"}],"wp:term":[{"taxonomy":"category","embeddable":true,"href":"https:\/\/radiostudiow.com.br\/site\/wp-json\/wp\/v2\/categories?post=45060"},{"taxonomy":"post_tag","embeddable":true,"href":"https:\/\/radiostudiow.com.br\/site\/wp-json\/wp\/v2\/tags?post=45060"}],"curies":[{"name":"wp","href":"https:\/\/api.w.org\/{rel}","templated":true}]}}