{"id":45061,"date":"2025-11-26T10:59:18","date_gmt":"2025-11-26T13:59:18","guid":{"rendered":"https:\/\/radiostudiow.com.br\/site\/?p=45061"},"modified":"2025-11-26T10:59:19","modified_gmt":"2025-11-26T13:59:19","slug":"tv-furtada-e-localizada-por-aplicativo-e-mulher-e-presa-por-receptacao-em-bituruna","status":"publish","type":"post","link":"https:\/\/radiostudiow.com.br\/site\/2025\/11\/26\/tv-furtada-e-localizada-por-aplicativo-e-mulher-e-presa-por-receptacao-em-bituruna\/","title":{"rendered":"TV furtada \u00e9 localizada por aplicativo e mulher \u00e9 presa por recepta\u00e7\u00e3o em Bituruna"},"content":{"rendered":"\n<figure class=\"wp-block-gallery has-nested-images columns-default is-cropped wp-block-gallery-1 is-layout-flex wp-block-gallery-is-layout-flex\">\n<figure class=\"wp-block-image size-large\"><img loading=\"lazy\" decoding=\"async\" width=\"897\" height=\"204\" data-id=\"35859\" src=\"https:\/\/radiostudiow.com.br\/site\/wp-content\/uploads\/2025\/03\/image-62.png\" alt=\"\" class=\"wp-image-35859\" srcset=\"https:\/\/radiostudiow.com.br\/site\/wp-content\/uploads\/2025\/03\/image-62.png 897w, https:\/\/radiostudiow.com.br\/site\/wp-content\/uploads\/2025\/03\/image-62-300x68.png 300w, https:\/\/radiostudiow.com.br\/site\/wp-content\/uploads\/2025\/03\/image-62-768x175.png 768w\" sizes=\"auto, (max-width: 897px) 100vw, 897px\" \/><\/figure>\n<\/figure>\n\n\n\n<p><\/p>\n\n\n\n<p style=\"font-size:21px\">Uma mulher foi presa em flagrante pelo crime de recepta\u00e7\u00e3o na tarde desta ter\u00e7a-feira (25) no bairro S\u00e3o Jo\u00e3o, em Bituruna, ap\u00f3s a Pol\u00edcia Militar localizar uma televis\u00e3o furtada em sua resid\u00eancia.<\/p>\n\n\n\n<p style=\"font-size:21px\">De acordo com o boletim de ocorr\u00eancia, a equipe policial foi acionada por uma moradora que relatou ter tido sua TV furtada em data anterior, mas que n\u00e3o havia registrado o boletim na ocasi\u00e3o.<\/p>\n\n\n\n<p style=\"font-size:21px\">Dias depois, ao acessar um aplicativo vinculado ao aparelho, ela identificou que o equipamento ainda estava ativo e conseguiu obter uma poss\u00edvel localiza\u00e7\u00e3o.<\/p>\n\n\n\n<p style=\"font-size:21px\">Com a informa\u00e7\u00e3o, os policiais foram at\u00e9 o endere\u00e7o indicado, onde encontraram o televisor. O aparelho apresentava sinais de remo\u00e7\u00e3o do n\u00famero de s\u00e9rie, o que refor\u00e7ou a suspeita sobre sua origem il\u00edcita. A moradora do local foi abordada e n\u00e3o soube justificar a proced\u00eancia da TV.<\/p>\n\n\n\n<p style=\"font-size:21px\">Diante dos fatos, ela recebeu voz de pris\u00e3o e foi encaminhada \u00e0 4\u00aa Subdivis\u00e3o Policial (SDP) para os procedimentos cab\u00edveis. A televis\u00e3o recuperada tamb\u00e9m foi apreendida e ficar\u00e1 \u00e0 disposi\u00e7\u00e3o da autoridade policial para devolu\u00e7\u00e3o \u00e0 propriet\u00e1ria.<\/p>\n\n\n\n<p><\/p>\n\n\n\n<figure class=\"wp-block-image size-full\"><img loading=\"lazy\" decoding=\"async\" width=\"897\" height=\"204\" src=\"https:\/\/radiostudiow.com.br\/site\/wp-content\/uploads\/2025\/01\/SITE-GRANDE3.png\" alt=\"\" class=\"wp-image-32900\" srcset=\"https:\/\/radiostudiow.com.br\/site\/wp-content\/uploads\/2025\/01\/SITE-GRANDE3.png 897w, https:\/\/radiostudiow.com.br\/site\/wp-content\/uploads\/2025\/01\/SITE-GRANDE3-300x68.png 300w, https:\/\/radiostudiow.com.br\/site\/wp-content\/uploads\/2025\/01\/SITE-GRANDE3-768x175.png 768w\" sizes=\"auto, (max-width: 897px) 100vw, 897px\" \/><\/figure>\n","protected":false},"excerpt":{"rendered":"<p>Uma mulher foi presa em flagrante pelo crime de recepta\u00e7\u00e3o na tarde desta ter\u00e7a-feira (25) no bairro S\u00e3o Jo\u00e3o, em Bituruna, ap\u00f3s a Pol\u00edcia Militar localizar uma televis\u00e3o furtada em sua resid\u00eancia. De acordo com o boletim de ocorr\u00eancia, a equipe policial foi acionada por uma moradora que relatou ter tido sua TV furtada em [&hellip;]<\/p>\n","protected":false},"author":2,"featured_media":45068,"comment_status":"open","ping_status":"open","sticky":false,"template":"","format":"standard","meta":{"footnotes":""},"categories":[2,185],"tags":[172],"class_list":["post-45061","post","type-post","status-publish","format-standard","has-post-thumbnail","hentry","category-policial","category-regional","tag-featured"],"amp_enabled":true,"_links":{"self":[{"href":"https:\/\/radiostudiow.com.br\/site\/wp-json\/wp\/v2\/posts\/45061","targetHints":{"allow":["GET"]}}],"collection":[{"href":"https:\/\/radiostudiow.com.br\/site\/wp-json\/wp\/v2\/posts"}],"about":[{"href":"https:\/\/radiostudiow.com.br\/site\/wp-json\/wp\/v2\/types\/post"}],"author":[{"embeddable":true,"href":"https:\/\/radiostudiow.com.br\/site\/wp-json\/wp\/v2\/users\/2"}],"replies":[{"embeddable":true,"href":"https:\/\/radiostudiow.com.br\/site\/wp-json\/wp\/v2\/comments?post=45061"}],"version-history":[{"count":1,"href":"https:\/\/radiostudiow.com.br\/site\/wp-json\/wp\/v2\/posts\/45061\/revisions"}],"predecessor-version":[{"id":45069,"href":"https:\/\/radiostudiow.com.br\/site\/wp-json\/wp\/v2\/posts\/45061\/revisions\/45069"}],"wp:featuredmedia":[{"embeddable":true,"href":"https:\/\/radiostudiow.com.br\/site\/wp-json\/wp\/v2\/media\/45068"}],"wp:attachment":[{"href":"https:\/\/radiostudiow.com.br\/site\/wp-json\/wp\/v2\/media?parent=45061"}],"wp:term":[{"taxonomy":"category","embeddable":true,"href":"https:\/\/radiostudiow.com.br\/site\/wp-json\/wp\/v2\/categories?post=45061"},{"taxonomy":"post_tag","embeddable":true,"href":"https:\/\/radiostudiow.com.br\/site\/wp-json\/wp\/v2\/tags?post=45061"}],"curies":[{"name":"wp","href":"https:\/\/api.w.org\/{rel}","templated":true}]}}