{"id":45064,"date":"2025-11-26T11:11:54","date_gmt":"2025-11-26T14:11:54","guid":{"rendered":"https:\/\/radiostudiow.com.br\/site\/?p=45064"},"modified":"2025-11-26T11:11:55","modified_gmt":"2025-11-26T14:11:55","slug":"discussao-termina-em-ameaca-com-faca-dentro-de-residencia-em-reboucas","status":"publish","type":"post","link":"https:\/\/radiostudiow.com.br\/site\/2025\/11\/26\/discussao-termina-em-ameaca-com-faca-dentro-de-residencia-em-reboucas\/","title":{"rendered":"Discuss\u00e3o termina em amea\u00e7a com faca dentro de resid\u00eancia em Rebou\u00e7as"},"content":{"rendered":"\n<figure class=\"wp-block-image size-full\"><img loading=\"lazy\" decoding=\"async\" width=\"897\" height=\"204\" src=\"https:\/\/radiostudiow.com.br\/site\/wp-content\/uploads\/2025\/02\/SITE-GRANDE7.png\" alt=\"\" class=\"wp-image-33861\" srcset=\"https:\/\/radiostudiow.com.br\/site\/wp-content\/uploads\/2025\/02\/SITE-GRANDE7.png 897w, https:\/\/radiostudiow.com.br\/site\/wp-content\/uploads\/2025\/02\/SITE-GRANDE7-300x68.png 300w, https:\/\/radiostudiow.com.br\/site\/wp-content\/uploads\/2025\/02\/SITE-GRANDE7-768x175.png 768w\" sizes=\"auto, (max-width: 897px) 100vw, 897px\" \/><\/figure>\n\n\n\n<p><\/p>\n\n\n\n<p style=\"font-size:21px\">Uma situa\u00e7\u00e3o de amea\u00e7a mobilizou a Pol\u00edcia Militar na noite de ter\u00e7a-feira (25), na \u00e1rea central de Rebou\u00e7as.<\/p>\n\n\n\n<p style=\"font-size:21px\">Por volta das 22h47, a equipe foi acionada ap\u00f3s uma mulher relatar que sua irm\u00e3 estava sendo amea\u00e7ada por outra mulher armada com uma faca.<\/p>\n\n\n\n<p style=\"font-size:21px\">De acordo com o boletim, a v\u00edtima contou que, dias antes, havia acolhido a suspeita em sua resid\u00eancia, j\u00e1 que ela n\u00e3o tinha onde ficar.<\/p>\n\n\n\n<p style=\"font-size:21px\">Na noite do ocorrido, ambas estavam dentro da casa quando a suspeita teria surtado, pegando uma faca e passando a amea\u00e7\u00e1-la de morte.<\/p>\n\n\n\n<p style=\"font-size:21px\">A v\u00edtima e a irm\u00e3 conseguiram expulsar a mulher da resid\u00eancia. Do lado de fora, a suspeita continuou a gritar e repetir as amea\u00e7as.<\/p>\n\n\n\n<p style=\"font-size:21px\">A equipe policial realizou buscas pela regi\u00e3o, por\u00e9m a mulher n\u00e3o foi localizada. A v\u00edtima foi orientada quanto aos procedimentos cab\u00edveis.<\/p>\n\n\n\n<p><\/p>\n\n\n\n<figure class=\"wp-block-gallery has-nested-images columns-default is-cropped wp-block-gallery-1 is-layout-flex wp-block-gallery-is-layout-flex\">\n<figure class=\"wp-block-image size-large\"><img loading=\"lazy\" decoding=\"async\" width=\"300\" height=\"180\" data-id=\"44128\" src=\"https:\/\/radiostudiow.com.br\/site\/wp-content\/uploads\/2025\/10\/gifpequeno2.gif\" alt=\"\" class=\"wp-image-44128\"\/><\/figure>\n\n\n\n<figure class=\"wp-block-image size-large\"><img loading=\"lazy\" decoding=\"async\" width=\"300\" height=\"180\" data-id=\"44125\" src=\"https:\/\/radiostudiow.com.br\/site\/wp-content\/uploads\/2025\/10\/gifpequeno.gif\" alt=\"\" class=\"wp-image-44125\"\/><\/figure>\n\n\n\n<figure class=\"wp-block-image size-large\"><img loading=\"lazy\" decoding=\"async\" width=\"300\" height=\"180\" data-id=\"44124\" src=\"https:\/\/radiostudiow.com.br\/site\/wp-content\/uploads\/2025\/10\/gifpequeno3.gif\" alt=\"\" class=\"wp-image-44124\"\/><\/figure>\n<\/figure>\n","protected":false},"excerpt":{"rendered":"<p>Uma situa\u00e7\u00e3o de amea\u00e7a mobilizou a Pol\u00edcia Militar na noite de ter\u00e7a-feira (25), na \u00e1rea central de Rebou\u00e7as. Por volta das 22h47, a equipe foi acionada ap\u00f3s uma mulher relatar que sua irm\u00e3 estava sendo amea\u00e7ada por outra mulher armada com uma faca. De acordo com o boletim, a v\u00edtima contou que, dias antes, havia [&hellip;]<\/p>\n","protected":false},"author":2,"featured_media":35298,"comment_status":"open","ping_status":"open","sticky":false,"template":"","format":"standard","meta":{"footnotes":""},"categories":[2,185],"tags":[172],"class_list":["post-45064","post","type-post","status-publish","format-standard","has-post-thumbnail","hentry","category-policial","category-regional","tag-featured"],"amp_enabled":true,"_links":{"self":[{"href":"https:\/\/radiostudiow.com.br\/site\/wp-json\/wp\/v2\/posts\/45064","targetHints":{"allow":["GET"]}}],"collection":[{"href":"https:\/\/radiostudiow.com.br\/site\/wp-json\/wp\/v2\/posts"}],"about":[{"href":"https:\/\/radiostudiow.com.br\/site\/wp-json\/wp\/v2\/types\/post"}],"author":[{"embeddable":true,"href":"https:\/\/radiostudiow.com.br\/site\/wp-json\/wp\/v2\/users\/2"}],"replies":[{"embeddable":true,"href":"https:\/\/radiostudiow.com.br\/site\/wp-json\/wp\/v2\/comments?post=45064"}],"version-history":[{"count":1,"href":"https:\/\/radiostudiow.com.br\/site\/wp-json\/wp\/v2\/posts\/45064\/revisions"}],"predecessor-version":[{"id":45072,"href":"https:\/\/radiostudiow.com.br\/site\/wp-json\/wp\/v2\/posts\/45064\/revisions\/45072"}],"wp:featuredmedia":[{"embeddable":true,"href":"https:\/\/radiostudiow.com.br\/site\/wp-json\/wp\/v2\/media\/35298"}],"wp:attachment":[{"href":"https:\/\/radiostudiow.com.br\/site\/wp-json\/wp\/v2\/media?parent=45064"}],"wp:term":[{"taxonomy":"category","embeddable":true,"href":"https:\/\/radiostudiow.com.br\/site\/wp-json\/wp\/v2\/categories?post=45064"},{"taxonomy":"post_tag","embeddable":true,"href":"https:\/\/radiostudiow.com.br\/site\/wp-json\/wp\/v2\/tags?post=45064"}],"curies":[{"name":"wp","href":"https:\/\/api.w.org\/{rel}","templated":true}]}}