{"id":45086,"date":"2025-11-27T10:34:54","date_gmt":"2025-11-27T13:34:54","guid":{"rendered":"https:\/\/radiostudiow.com.br\/site\/?p=45086"},"modified":"2025-11-27T10:34:55","modified_gmt":"2025-11-27T13:34:55","slug":"policia-militar-prende-homem-com-mandado-de-prisao-em-uniao-da-vitoria-2","status":"publish","type":"post","link":"https:\/\/radiostudiow.com.br\/site\/2025\/11\/27\/policia-militar-prende-homem-com-mandado-de-prisao-em-uniao-da-vitoria-2\/","title":{"rendered":"Pol\u00edcia Militar prende homem com mandado de pris\u00e3o em Uni\u00e3o da Vit\u00f3ria"},"content":{"rendered":"\n<p>A equipe da Pol\u00edcia Militar de Uni\u00e3o da Vit\u00f3ria deu cumprimento a uma mandado de pris\u00e3o em aberto por volta das 13h15min dessa quarta-feira (26).<\/p>\n\n\n\n<figure class=\"wp-block-image size-full\"><img loading=\"lazy\" decoding=\"async\" width=\"897\" height=\"204\" src=\"https:\/\/radiostudiow.com.br\/site\/wp-content\/uploads\/2025\/03\/BARAO-NOVO-NOTICIAS-1.jpg\" alt=\"\" class=\"wp-image-35084\" srcset=\"https:\/\/radiostudiow.com.br\/site\/wp-content\/uploads\/2025\/03\/BARAO-NOVO-NOTICIAS-1.jpg 897w, https:\/\/radiostudiow.com.br\/site\/wp-content\/uploads\/2025\/03\/BARAO-NOVO-NOTICIAS-1-300x68.jpg 300w, https:\/\/radiostudiow.com.br\/site\/wp-content\/uploads\/2025\/03\/BARAO-NOVO-NOTICIAS-1-768x175.jpg 768w\" sizes=\"auto, (max-width: 897px) 100vw, 897px\" \/><\/figure>\n\n\n\n<p>Ap\u00f3s levantamento de informa\u00e7\u00f5es acerca de um homem, o qual possuia um mandado de pris\u00e3o em seu desfavor devido a uma regress\u00e3o cautelar, a guarni\u00e7\u00e3o intensificou o patrulhamento no bairro Limeira onde seria de conhecimento sobre o paradeiro do suspeito.<\/p>\n\n\n\n<p>Os policiais logram \u00eaxito em localizar o mesmo, dando fiel cumprimento ao mandado de pris\u00e3o e encaminhando ao DEPEN para provid\u00eancias legais.<\/p>\n\n\n\n<figure class=\"wp-block-image size-full\"><img decoding=\"async\" src=\"https:\/\/radiostudiow.com.br\/site\/wp-content\/uploads\/2025\/10\/SUPREMA-BARBA.png\" alt=\"\" class=\"wp-image-44123\"\/><\/figure>\n\n\n\n<p><\/p>\n","protected":false},"excerpt":{"rendered":"<p>A equipe da Pol\u00edcia Militar de Uni\u00e3o da Vit\u00f3ria deu cumprimento a uma mandado de pris\u00e3o em aberto por volta das 13h15min dessa quarta-feira (26). Ap\u00f3s levantamento de informa\u00e7\u00f5es acerca de um homem, o qual possuia um mandado de pris\u00e3o em seu desfavor devido a uma regress\u00e3o cautelar, a guarni\u00e7\u00e3o intensificou o patrulhamento no bairro [&hellip;]<\/p>\n","protected":false},"author":2,"featured_media":38326,"comment_status":"open","ping_status":"open","sticky":false,"template":"","format":"standard","meta":{"footnotes":""},"categories":[2],"tags":[172],"class_list":["post-45086","post","type-post","status-publish","format-standard","has-post-thumbnail","hentry","category-policial","tag-featured"],"amp_enabled":true,"_links":{"self":[{"href":"https:\/\/radiostudiow.com.br\/site\/wp-json\/wp\/v2\/posts\/45086","targetHints":{"allow":["GET"]}}],"collection":[{"href":"https:\/\/radiostudiow.com.br\/site\/wp-json\/wp\/v2\/posts"}],"about":[{"href":"https:\/\/radiostudiow.com.br\/site\/wp-json\/wp\/v2\/types\/post"}],"author":[{"embeddable":true,"href":"https:\/\/radiostudiow.com.br\/site\/wp-json\/wp\/v2\/users\/2"}],"replies":[{"embeddable":true,"href":"https:\/\/radiostudiow.com.br\/site\/wp-json\/wp\/v2\/comments?post=45086"}],"version-history":[{"count":1,"href":"https:\/\/radiostudiow.com.br\/site\/wp-json\/wp\/v2\/posts\/45086\/revisions"}],"predecessor-version":[{"id":45087,"href":"https:\/\/radiostudiow.com.br\/site\/wp-json\/wp\/v2\/posts\/45086\/revisions\/45087"}],"wp:featuredmedia":[{"embeddable":true,"href":"https:\/\/radiostudiow.com.br\/site\/wp-json\/wp\/v2\/media\/38326"}],"wp:attachment":[{"href":"https:\/\/radiostudiow.com.br\/site\/wp-json\/wp\/v2\/media?parent=45086"}],"wp:term":[{"taxonomy":"category","embeddable":true,"href":"https:\/\/radiostudiow.com.br\/site\/wp-json\/wp\/v2\/categories?post=45086"},{"taxonomy":"post_tag","embeddable":true,"href":"https:\/\/radiostudiow.com.br\/site\/wp-json\/wp\/v2\/tags?post=45086"}],"curies":[{"name":"wp","href":"https:\/\/api.w.org\/{rel}","templated":true}]}}