{"id":45088,"date":"2025-11-27T11:13:24","date_gmt":"2025-11-27T14:13:24","guid":{"rendered":"https:\/\/radiostudiow.com.br\/site\/?p=45088"},"modified":"2025-11-27T11:13:24","modified_gmt":"2025-11-27T14:13:24","slug":"ciclista-morre-apos-atropelamento-em-porto-uniao","status":"publish","type":"post","link":"https:\/\/radiostudiow.com.br\/site\/2025\/11\/27\/ciclista-morre-apos-atropelamento-em-porto-uniao\/","title":{"rendered":"Ciclista morre ap\u00f3s atropelamento em Porto Uni\u00e3o"},"content":{"rendered":"\n<figure class=\"wp-block-image size-full\"><img loading=\"lazy\" decoding=\"async\" width=\"897\" height=\"204\" src=\"https:\/\/radiostudiow.com.br\/site\/wp-content\/uploads\/2025\/03\/image-62.png\" alt=\"\" class=\"wp-image-35859\" srcset=\"https:\/\/radiostudiow.com.br\/site\/wp-content\/uploads\/2025\/03\/image-62.png 897w, https:\/\/radiostudiow.com.br\/site\/wp-content\/uploads\/2025\/03\/image-62-300x68.png 300w, https:\/\/radiostudiow.com.br\/site\/wp-content\/uploads\/2025\/03\/image-62-768x175.png 768w\" sizes=\"auto, (max-width: 897px) 100vw, 897px\" \/><\/figure>\n\n\n\n<p>Um ciclista perdeu a vida em um tr\u00e1gico acidente de tr\u00e2nsito envonvendo um caminh\u00e3o Rua Jos\u00e9 Albino Wengerkiernicz, bairro Santa Rosa, em Porto Uni\u00e3o registrado na manh\u00e3 desta quinta-feira (27). <\/p>\n\n\n\n<p>A guarni\u00e7\u00e3o foi acionada por volta das 07h06min para atender a um atropelamento de ciclista.\u00a0Infelizmente, no local, foi constatado o \u00f3bito do condutor da bicicleta.<\/p>\n\n\n\n<figure class=\"wp-block-image size-full\"><img loading=\"lazy\" decoding=\"async\" width=\"598\" height=\"204\" src=\"https:\/\/radiostudiow.com.br\/site\/wp-content\/uploads\/2024\/01\/SITE-MEDIO.png\" alt=\"\" class=\"wp-image-18916\" srcset=\"https:\/\/radiostudiow.com.br\/site\/wp-content\/uploads\/2024\/01\/SITE-MEDIO.png 598w, https:\/\/radiostudiow.com.br\/site\/wp-content\/uploads\/2024\/01\/SITE-MEDIO-300x102.png 300w\" sizes=\"auto, (max-width: 598px) 100vw, 598px\" \/><\/figure>\n\n\n\n<p>As circunst\u00e2ncias exatas que levaram \u00e0 colis\u00e3o entre a bicicleta e o caminh\u00e3o ainda est\u00e3o sendo apuradas pelas autoridades. Equipes de resgate e da Pol\u00edcia Militar foram acionadas para atender a ocorr\u00eancia.<\/p>\n\n\n\n<p>A identidade da v\u00edtima n\u00e3o foi divulgada at\u00e9 o momento. A Pol\u00edcia de Tr\u00e2nsito dever\u00e1 realizar a per\u00edcia no local para investigar as causas do acidente.<\/p>\n\n\n\n<p><\/p>\n","protected":false},"excerpt":{"rendered":"<p>Um ciclista perdeu a vida em um tr\u00e1gico acidente de tr\u00e2nsito envonvendo um caminh\u00e3o Rua Jos\u00e9 Albino Wengerkiernicz, bairro Santa Rosa, em Porto Uni\u00e3o registrado na manh\u00e3 desta quinta-feira (27). A guarni\u00e7\u00e3o foi acionada por volta das 07h06min para atender a um atropelamento de ciclista.\u00a0Infelizmente, no local, foi constatado o \u00f3bito do condutor da bicicleta. [&hellip;]<\/p>\n","protected":false},"author":2,"featured_media":45089,"comment_status":"open","ping_status":"open","sticky":false,"template":"","format":"standard","meta":{"footnotes":""},"categories":[185],"tags":[172],"class_list":["post-45088","post","type-post","status-publish","format-standard","has-post-thumbnail","hentry","category-regional","tag-featured"],"amp_enabled":true,"_links":{"self":[{"href":"https:\/\/radiostudiow.com.br\/site\/wp-json\/wp\/v2\/posts\/45088","targetHints":{"allow":["GET"]}}],"collection":[{"href":"https:\/\/radiostudiow.com.br\/site\/wp-json\/wp\/v2\/posts"}],"about":[{"href":"https:\/\/radiostudiow.com.br\/site\/wp-json\/wp\/v2\/types\/post"}],"author":[{"embeddable":true,"href":"https:\/\/radiostudiow.com.br\/site\/wp-json\/wp\/v2\/users\/2"}],"replies":[{"embeddable":true,"href":"https:\/\/radiostudiow.com.br\/site\/wp-json\/wp\/v2\/comments?post=45088"}],"version-history":[{"count":2,"href":"https:\/\/radiostudiow.com.br\/site\/wp-json\/wp\/v2\/posts\/45088\/revisions"}],"predecessor-version":[{"id":45091,"href":"https:\/\/radiostudiow.com.br\/site\/wp-json\/wp\/v2\/posts\/45088\/revisions\/45091"}],"wp:featuredmedia":[{"embeddable":true,"href":"https:\/\/radiostudiow.com.br\/site\/wp-json\/wp\/v2\/media\/45089"}],"wp:attachment":[{"href":"https:\/\/radiostudiow.com.br\/site\/wp-json\/wp\/v2\/media?parent=45088"}],"wp:term":[{"taxonomy":"category","embeddable":true,"href":"https:\/\/radiostudiow.com.br\/site\/wp-json\/wp\/v2\/categories?post=45088"},{"taxonomy":"post_tag","embeddable":true,"href":"https:\/\/radiostudiow.com.br\/site\/wp-json\/wp\/v2\/tags?post=45088"}],"curies":[{"name":"wp","href":"https:\/\/api.w.org\/{rel}","templated":true}]}}