{"id":45094,"date":"2025-11-27T12:01:55","date_gmt":"2025-11-27T15:01:55","guid":{"rendered":"https:\/\/radiostudiow.com.br\/site\/?p=45094"},"modified":"2025-11-27T12:01:55","modified_gmt":"2025-11-27T15:01:55","slug":"policia-civil-cumpre-mandado-de-prisao-por-trafico-de-drogas-em-sao-joao-do-triunfo","status":"publish","type":"post","link":"https:\/\/radiostudiow.com.br\/site\/2025\/11\/27\/policia-civil-cumpre-mandado-de-prisao-por-trafico-de-drogas-em-sao-joao-do-triunfo\/","title":{"rendered":"Pol\u00edcia Civil cumpre mandado de pris\u00e3o por tr\u00e1fico de drogas em S\u00e3o Jo\u00e3o do Triunfo"},"content":{"rendered":"\n<p>A equipe da Pol\u00edcia Civil de S\u00e3o Jo\u00e3o do Triunfo cumpriu um mandado de pris\u00e3o contra um homem de 32 anos, investigado pelo crime de tr\u00e1fico de drogas no munic\u00edpio nesta quarta-feira (26).<\/p>\n\n\n\n<p>O suspeito acatou a ordem policial e foi encaminhado \u00e0 unidade policial, onde permanece \u00e0 disposi\u00e7\u00e3o da Justi\u00e7a.<\/p>\n\n\n\n<figure class=\"wp-block-image size-full\"><img loading=\"lazy\" decoding=\"async\" width=\"897\" height=\"204\" src=\"https:\/\/radiostudiow.com.br\/site\/wp-content\/uploads\/2025\/02\/SITE-GRANDE7.png\" alt=\"\" class=\"wp-image-33861\" srcset=\"https:\/\/radiostudiow.com.br\/site\/wp-content\/uploads\/2025\/02\/SITE-GRANDE7.png 897w, https:\/\/radiostudiow.com.br\/site\/wp-content\/uploads\/2025\/02\/SITE-GRANDE7-300x68.png 300w, https:\/\/radiostudiow.com.br\/site\/wp-content\/uploads\/2025\/02\/SITE-GRANDE7-768x175.png 768w\" sizes=\"auto, (max-width: 897px) 100vw, 897px\" \/><\/figure>\n\n\n\n<h2 class=\"wp-block-heading has-text-align-center\">A Pol\u00edcia Civil refor\u00e7a que qualquer den\u00fancia pode ser feita diretamente ao departamento do munic\u00edpio, pelo telefone\u00a0(42) 3447-1263. A identidade do denunciante \u00e9 mantida em sigilo.<\/h2>\n\n\n\n<p><\/p>\n","protected":false},"excerpt":{"rendered":"<p>A equipe da Pol\u00edcia Civil de S\u00e3o Jo\u00e3o do Triunfo cumpriu um mandado de pris\u00e3o contra um homem de 32 anos, investigado pelo crime de tr\u00e1fico de drogas no munic\u00edpio nesta quarta-feira (26). O suspeito acatou a ordem policial e foi encaminhado \u00e0 unidade policial, onde permanece \u00e0 disposi\u00e7\u00e3o da Justi\u00e7a. A Pol\u00edcia Civil refor\u00e7a [&hellip;]<\/p>\n","protected":false},"author":2,"featured_media":1357,"comment_status":"open","ping_status":"open","sticky":false,"template":"","format":"standard","meta":{"footnotes":""},"categories":[2],"tags":[172],"class_list":["post-45094","post","type-post","status-publish","format-standard","has-post-thumbnail","hentry","category-policial","tag-featured"],"amp_enabled":true,"_links":{"self":[{"href":"https:\/\/radiostudiow.com.br\/site\/wp-json\/wp\/v2\/posts\/45094","targetHints":{"allow":["GET"]}}],"collection":[{"href":"https:\/\/radiostudiow.com.br\/site\/wp-json\/wp\/v2\/posts"}],"about":[{"href":"https:\/\/radiostudiow.com.br\/site\/wp-json\/wp\/v2\/types\/post"}],"author":[{"embeddable":true,"href":"https:\/\/radiostudiow.com.br\/site\/wp-json\/wp\/v2\/users\/2"}],"replies":[{"embeddable":true,"href":"https:\/\/radiostudiow.com.br\/site\/wp-json\/wp\/v2\/comments?post=45094"}],"version-history":[{"count":1,"href":"https:\/\/radiostudiow.com.br\/site\/wp-json\/wp\/v2\/posts\/45094\/revisions"}],"predecessor-version":[{"id":45095,"href":"https:\/\/radiostudiow.com.br\/site\/wp-json\/wp\/v2\/posts\/45094\/revisions\/45095"}],"wp:featuredmedia":[{"embeddable":true,"href":"https:\/\/radiostudiow.com.br\/site\/wp-json\/wp\/v2\/media\/1357"}],"wp:attachment":[{"href":"https:\/\/radiostudiow.com.br\/site\/wp-json\/wp\/v2\/media?parent=45094"}],"wp:term":[{"taxonomy":"category","embeddable":true,"href":"https:\/\/radiostudiow.com.br\/site\/wp-json\/wp\/v2\/categories?post=45094"},{"taxonomy":"post_tag","embeddable":true,"href":"https:\/\/radiostudiow.com.br\/site\/wp-json\/wp\/v2\/tags?post=45094"}],"curies":[{"name":"wp","href":"https:\/\/api.w.org\/{rel}","templated":true}]}}