{"id":45096,"date":"2025-11-27T12:04:06","date_gmt":"2025-11-27T15:04:06","guid":{"rendered":"https:\/\/radiostudiow.com.br\/site\/?p=45096"},"modified":"2025-11-27T12:04:06","modified_gmt":"2025-11-27T15:04:06","slug":"incendio-consome-372-alqueires-de-soja-e-prejuizo-chega-a-cerca-de-r-60-mil-em-sao-mateus-do-sul","status":"publish","type":"post","link":"https:\/\/radiostudiow.com.br\/site\/2025\/11\/27\/incendio-consome-372-alqueires-de-soja-e-prejuizo-chega-a-cerca-de-r-60-mil-em-sao-mateus-do-sul\/","title":{"rendered":"Inc\u00eandio consome 3,72 alqueires de soja e preju\u00edzo chega a cerca de R$ 60 mil em S\u00e3o Mateus do Sul"},"content":{"rendered":"\n<figure class=\"wp-block-image size-full\"><img loading=\"lazy\" decoding=\"async\" width=\"897\" height=\"204\" src=\"https:\/\/radiostudiow.com.br\/site\/wp-content\/uploads\/2025\/01\/SITE-GRANDE3.png\" alt=\"\" class=\"wp-image-32900\" srcset=\"https:\/\/radiostudiow.com.br\/site\/wp-content\/uploads\/2025\/01\/SITE-GRANDE3.png 897w, https:\/\/radiostudiow.com.br\/site\/wp-content\/uploads\/2025\/01\/SITE-GRANDE3-300x68.png 300w, https:\/\/radiostudiow.com.br\/site\/wp-content\/uploads\/2025\/01\/SITE-GRANDE3-768x175.png 768w\" sizes=\"auto, (max-width: 897px) 100vw, 897px\" \/><\/figure>\n\n\n\n<p class=\"has-text-align-center\"><em><strong>Da reda\u00e7\u00e3o Portal RDX<\/strong><\/em><\/p>\n\n\n\n<p>Uma fam\u00edlia da regi\u00e3o da Col\u00f4nia Eufrozina, localizada entre S\u00e3o Mateus do Sul e o distrito de Rio Claro do Sul, procurou a RDX no in\u00edcio desta semana para denunciar que sua planta\u00e7\u00e3o de soja foi completamente queimada.\u00a0A \u00e1rea atingida corresponde a aproximadamente 3,72\u00a0alqueires.<\/p>\n\n\n\n<p>Segundo o propriet\u00e1rio, Sadi Jorge Milani, o fogo teria come\u00e7ado no domingo (23) e a suspeita \u00e9 de que o inc\u00eandio tenha sido criminoso.\u00a0O preju\u00edzo estimado chega a R$ 60 mil.<\/p>\n\n\n\n<p>Milani relatou ainda que o terreno \u00e9 frequentemente utilizado por terceiros para descarte irregular de res\u00edduos.<\/p>\n\n\n\n<figure class=\"wp-block-image size-full\"><img loading=\"lazy\" decoding=\"async\" width=\"598\" height=\"204\" src=\"https:\/\/radiostudiow.com.br\/site\/wp-content\/uploads\/2024\/10\/labirati.png\" alt=\"\" class=\"wp-image-28854\" srcset=\"https:\/\/radiostudiow.com.br\/site\/wp-content\/uploads\/2024\/10\/labirati.png 598w, https:\/\/radiostudiow.com.br\/site\/wp-content\/uploads\/2024\/10\/labirati-300x102.png 300w\" sizes=\"auto, (max-width: 598px) 100vw, 598px\" \/><\/figure>\n\n\n\n<h2 class=\"wp-block-heading has-text-align-center\">Um boletim de ocorr\u00eancia j\u00e1 foi registrado pela fam\u00edlia. Quem tiver qualquer informa\u00e7\u00e3o que ajude a esclarecer o caso pode entrar em contato pelo telefone\u00a0(42) 98813-8248\u00a0ou diretamente com a Pol\u00edcia Militar ou Civil.<\/h2>\n","protected":false},"excerpt":{"rendered":"<p>Da reda\u00e7\u00e3o Portal RDX Uma fam\u00edlia da regi\u00e3o da Col\u00f4nia Eufrozina, localizada entre S\u00e3o Mateus do Sul e o distrito de Rio Claro do Sul, procurou a RDX no in\u00edcio desta semana para denunciar que sua planta\u00e7\u00e3o de soja foi completamente queimada.\u00a0A \u00e1rea atingida corresponde a aproximadamente 3,72\u00a0alqueires. Segundo o propriet\u00e1rio, Sadi Jorge Milani, o [&hellip;]<\/p>\n","protected":false},"author":2,"featured_media":45097,"comment_status":"open","ping_status":"open","sticky":false,"template":"","format":"standard","meta":{"footnotes":""},"categories":[185],"tags":[172],"class_list":["post-45096","post","type-post","status-publish","format-standard","has-post-thumbnail","hentry","category-regional","tag-featured"],"amp_enabled":true,"_links":{"self":[{"href":"https:\/\/radiostudiow.com.br\/site\/wp-json\/wp\/v2\/posts\/45096","targetHints":{"allow":["GET"]}}],"collection":[{"href":"https:\/\/radiostudiow.com.br\/site\/wp-json\/wp\/v2\/posts"}],"about":[{"href":"https:\/\/radiostudiow.com.br\/site\/wp-json\/wp\/v2\/types\/post"}],"author":[{"embeddable":true,"href":"https:\/\/radiostudiow.com.br\/site\/wp-json\/wp\/v2\/users\/2"}],"replies":[{"embeddable":true,"href":"https:\/\/radiostudiow.com.br\/site\/wp-json\/wp\/v2\/comments?post=45096"}],"version-history":[{"count":1,"href":"https:\/\/radiostudiow.com.br\/site\/wp-json\/wp\/v2\/posts\/45096\/revisions"}],"predecessor-version":[{"id":45098,"href":"https:\/\/radiostudiow.com.br\/site\/wp-json\/wp\/v2\/posts\/45096\/revisions\/45098"}],"wp:featuredmedia":[{"embeddable":true,"href":"https:\/\/radiostudiow.com.br\/site\/wp-json\/wp\/v2\/media\/45097"}],"wp:attachment":[{"href":"https:\/\/radiostudiow.com.br\/site\/wp-json\/wp\/v2\/media?parent=45096"}],"wp:term":[{"taxonomy":"category","embeddable":true,"href":"https:\/\/radiostudiow.com.br\/site\/wp-json\/wp\/v2\/categories?post=45096"},{"taxonomy":"post_tag","embeddable":true,"href":"https:\/\/radiostudiow.com.br\/site\/wp-json\/wp\/v2\/tags?post=45096"}],"curies":[{"name":"wp","href":"https:\/\/api.w.org\/{rel}","templated":true}]}}