{"id":45107,"date":"2025-11-28T20:22:21","date_gmt":"2025-11-28T23:22:21","guid":{"rendered":"https:\/\/radiostudiow.com.br\/site\/?p=45107"},"modified":"2025-11-28T20:22:22","modified_gmt":"2025-11-28T23:22:22","slug":"policia-militar-de-mallet-prende-homem-por-violencia-domestica-no-centro-da-cidade","status":"publish","type":"post","link":"https:\/\/radiostudiow.com.br\/site\/2025\/11\/28\/policia-militar-de-mallet-prende-homem-por-violencia-domestica-no-centro-da-cidade\/","title":{"rendered":"Pol\u00edcia Militar de Mallet prende homem por viol\u00eancia dom\u00e9stica no Centro da cidade"},"content":{"rendered":"\n<figure class=\"wp-block-image size-full\"><img loading=\"lazy\" decoding=\"async\" width=\"897\" height=\"204\" src=\"https:\/\/radiostudiow.com.br\/site\/wp-content\/uploads\/2025\/03\/BARAO-NOVO-NOTICIAS-1.jpg\" alt=\"\" class=\"wp-image-35084\" srcset=\"https:\/\/radiostudiow.com.br\/site\/wp-content\/uploads\/2025\/03\/BARAO-NOVO-NOTICIAS-1.jpg 897w, https:\/\/radiostudiow.com.br\/site\/wp-content\/uploads\/2025\/03\/BARAO-NOVO-NOTICIAS-1-300x68.jpg 300w, https:\/\/radiostudiow.com.br\/site\/wp-content\/uploads\/2025\/03\/BARAO-NOVO-NOTICIAS-1-768x175.jpg 768w\" sizes=\"auto, (max-width: 897px) 100vw, 897px\" \/><\/figure>\n\n\n\n<p>A Pol\u00edcia Militar atendeu, na noite desta quinta-feira, 27 de novembro, uma ocorr\u00eancia de viol\u00eancia dom\u00e9stica no Centro de Mallet. A situa\u00e7\u00e3o foi registrada por volta das 18h45, quando a equipe de RPA foi acionada para averiguar uma den\u00fancia de les\u00e3o corporal contra uma mulher.<\/p>\n\n\n\n<p>De acordo com as informa\u00e7\u00f5es repassadas \u00e0 PM, ao chegar ao endere\u00e7o indicado, os policiais fizeram contato com a v\u00edtima, que relatou ter discutido com seu convivente ap\u00f3s manifestar o desejo de encerrar o relacionamento.<\/p>\n\n\n\n<figure class=\"wp-block-image size-full\"><img loading=\"lazy\" decoding=\"async\" width=\"897\" height=\"204\" src=\"https:\/\/radiostudiow.com.br\/site\/wp-content\/uploads\/2025\/03\/image-62.png\" alt=\"\" class=\"wp-image-35859\" srcset=\"https:\/\/radiostudiow.com.br\/site\/wp-content\/uploads\/2025\/03\/image-62.png 897w, https:\/\/radiostudiow.com.br\/site\/wp-content\/uploads\/2025\/03\/image-62-300x68.png 300w, https:\/\/radiostudiow.com.br\/site\/wp-content\/uploads\/2025\/03\/image-62-768x175.png 768w\" sizes=\"auto, (max-width: 897px) 100vw, 897px\" \/><\/figure>\n\n\n\n<p>Durante o desentendimento, o homem teria se exaltado e passado a agredi-la fisicamente. Ap\u00f3s as agress\u00f5es, o suspeito fugiu do local.<\/p>\n\n\n\n<p>A equipe realizou buscas na regi\u00e3o e conseguiu localizar o autor nas proximidades. Ele e a v\u00edtima foram encaminhados para atendimento m\u00e9dico e para a realiza\u00e7\u00e3o do laudo de les\u00e3o corporal.<\/p>\n\n\n\n<p>Em seguida, ambos foram conduzidos \u00e0 4\u00aa Subdivis\u00e3o Policial de Uni\u00e3o da Vit\u00f3ria, onde foram adotados os procedimentos de pol\u00edcia judici\u00e1ria.<\/p>\n\n\n\n<p><\/p>\n","protected":false},"excerpt":{"rendered":"<p>A Pol\u00edcia Militar atendeu, na noite desta quinta-feira, 27 de novembro, uma ocorr\u00eancia de viol\u00eancia dom\u00e9stica no Centro de Mallet. A situa\u00e7\u00e3o foi registrada por volta das 18h45, quando a equipe de RPA foi acionada para averiguar uma den\u00fancia de les\u00e3o corporal contra uma mulher. De acordo com as informa\u00e7\u00f5es repassadas \u00e0 PM, ao chegar [&hellip;]<\/p>\n","protected":false},"author":2,"featured_media":40506,"comment_status":"open","ping_status":"open","sticky":false,"template":"","format":"standard","meta":{"footnotes":""},"categories":[2],"tags":[172],"class_list":["post-45107","post","type-post","status-publish","format-standard","has-post-thumbnail","hentry","category-policial","tag-featured"],"amp_enabled":true,"_links":{"self":[{"href":"https:\/\/radiostudiow.com.br\/site\/wp-json\/wp\/v2\/posts\/45107","targetHints":{"allow":["GET"]}}],"collection":[{"href":"https:\/\/radiostudiow.com.br\/site\/wp-json\/wp\/v2\/posts"}],"about":[{"href":"https:\/\/radiostudiow.com.br\/site\/wp-json\/wp\/v2\/types\/post"}],"author":[{"embeddable":true,"href":"https:\/\/radiostudiow.com.br\/site\/wp-json\/wp\/v2\/users\/2"}],"replies":[{"embeddable":true,"href":"https:\/\/radiostudiow.com.br\/site\/wp-json\/wp\/v2\/comments?post=45107"}],"version-history":[{"count":1,"href":"https:\/\/radiostudiow.com.br\/site\/wp-json\/wp\/v2\/posts\/45107\/revisions"}],"predecessor-version":[{"id":45108,"href":"https:\/\/radiostudiow.com.br\/site\/wp-json\/wp\/v2\/posts\/45107\/revisions\/45108"}],"wp:featuredmedia":[{"embeddable":true,"href":"https:\/\/radiostudiow.com.br\/site\/wp-json\/wp\/v2\/media\/40506"}],"wp:attachment":[{"href":"https:\/\/radiostudiow.com.br\/site\/wp-json\/wp\/v2\/media?parent=45107"}],"wp:term":[{"taxonomy":"category","embeddable":true,"href":"https:\/\/radiostudiow.com.br\/site\/wp-json\/wp\/v2\/categories?post=45107"},{"taxonomy":"post_tag","embeddable":true,"href":"https:\/\/radiostudiow.com.br\/site\/wp-json\/wp\/v2\/tags?post=45107"}],"curies":[{"name":"wp","href":"https:\/\/api.w.org\/{rel}","templated":true}]}}