{"id":45109,"date":"2025-11-29T09:25:31","date_gmt":"2025-11-29T12:25:31","guid":{"rendered":"https:\/\/radiostudiow.com.br\/site\/?p=45109"},"modified":"2025-11-29T09:25:31","modified_gmt":"2025-11-29T12:25:31","slug":"homem-morre-apos-ser-baleado-pelo-proprio-irmao-em-irineopolis","status":"publish","type":"post","link":"https:\/\/radiostudiow.com.br\/site\/2025\/11\/29\/homem-morre-apos-ser-baleado-pelo-proprio-irmao-em-irineopolis\/","title":{"rendered":"Homem morre ap\u00f3s ser baleado pelo pr\u00f3prio irm\u00e3o em Irine\u00f3polis"},"content":{"rendered":"\n<figure class=\"wp-block-image size-full\"><img loading=\"lazy\" decoding=\"async\" width=\"731\" height=\"204\" src=\"https:\/\/radiostudiow.com.br\/site\/wp-content\/uploads\/2025\/10\/ZAIONS.png\" alt=\"\" class=\"wp-image-44147\" srcset=\"https:\/\/radiostudiow.com.br\/site\/wp-content\/uploads\/2025\/10\/ZAIONS.png 731w, https:\/\/radiostudiow.com.br\/site\/wp-content\/uploads\/2025\/10\/ZAIONS-300x84.png 300w\" sizes=\"auto, (max-width: 731px) 100vw, 731px\" \/><\/figure>\n\n\n\n<p>Um tr\u00e1gico homic\u00eddio abalou a localidade de Rio Branco, em\u00a0Irine\u00f3polis,\u00a0na noite desta sexta-feira, 28.\u00a0Um homem de 51 anos morreu ap\u00f3s ser alvejado a tiros pelo pr\u00f3prio irm\u00e3o durante uma discuss\u00e3o.\u00a0O autor dos disparos fugiu do local e n\u00e3o foi localizado pela Pol\u00edcia Militar.<\/p>\n\n\n\n<p>A Pol\u00edcia Militar de Santa Catarina, com sede em Irine\u00f3polis, foi acionada por volta das 20h para atender a ocorr\u00eancia. Conforme relatos, ap\u00f3s uma discuss\u00e3o familiar, um dos irm\u00e3os efetuou disparos de arma de fogo contra o outro, fugindo em seguida para destino ignorado.<\/p>\n\n\n\n<p><strong>Atendimento e \u00d3bito:<\/strong><\/p>\n\n\n\n<p>As guarni\u00e7\u00f5es do Corpo de Bombeiros e a viatura do SAMU de Irine\u00f3polis (SAMU Bravo 11) foram acionadas por volta das 21h19. Ao chegarem \u00e0 Estrada Geral, na Localidade de Rio Branco, pr\u00f3ximo ao N\u00facleo Educacional Guilherme Bossow,<strong>&nbsp;as equipes encontraram a v\u00edtima, um homem de 51 anos, ca\u00eddo em frente a uma resid\u00eancia.<\/strong><\/p>\n\n\n\n<figure class=\"wp-block-image size-full\"><img loading=\"lazy\" decoding=\"async\" width=\"897\" height=\"204\" src=\"https:\/\/radiostudiow.com.br\/site\/wp-content\/uploads\/2025\/01\/SITE-GRANDE3.png\" alt=\"\" class=\"wp-image-32900\" srcset=\"https:\/\/radiostudiow.com.br\/site\/wp-content\/uploads\/2025\/01\/SITE-GRANDE3.png 897w, https:\/\/radiostudiow.com.br\/site\/wp-content\/uploads\/2025\/01\/SITE-GRANDE3-300x68.png 300w, https:\/\/radiostudiow.com.br\/site\/wp-content\/uploads\/2025\/01\/SITE-GRANDE3-768x175.png 768w\" sizes=\"auto, (max-width: 897px) 100vw, 897px\" \/><\/figure>\n\n\n\n<p>Ele estava consciente e comunicativo, por\u00e9m desorientado, apresentando um ferimento perfurante com grande hemorragia na regi\u00e3o tor\u00e1cica.&nbsp;<strong>Foi realizado o atendimento pr\u00e9-hospitalar, incluindo o controle da hemorragia e a imobiliza\u00e7\u00e3o em maca r\u00edgida.<\/strong><\/p>\n\n\n\n<p><strong>A v\u00edtima foi conduzida pela equipe do SAMU at\u00e9 o hospital, mas, infelizmente, n\u00e3o resistiu aos ferimentos e veio a \u00f3bito durante o deslocamento.<\/strong><\/p>\n\n\n\n<p><strong>Buscas e Investiga\u00e7\u00e3o:<\/strong><\/p>\n\n\n\n<p>As guarni\u00e7\u00f5es da Pol\u00edcia Militar realizaram buscas nas imedia\u00e7\u00f5es, mas n\u00e3o conseguiram localizar o autor dos disparos. A Pol\u00edcia Cient\u00edfica e a Pol\u00edcia Civil tamb\u00e9m estiveram no local do crime para realizar os procedimentos de per\u00edcia e iniciar as investiga\u00e7\u00f5es. A Pol\u00edcia Militar prestou apoio \u00e0 ocorr\u00eancia, garantindo a seguran\u00e7a das equipes de atendimento.<\/p>\n","protected":false},"excerpt":{"rendered":"<p>Um tr\u00e1gico homic\u00eddio abalou a localidade de Rio Branco, em\u00a0Irine\u00f3polis,\u00a0na noite desta sexta-feira, 28.\u00a0Um homem de 51 anos morreu ap\u00f3s ser alvejado a tiros pelo pr\u00f3prio irm\u00e3o durante uma discuss\u00e3o.\u00a0O autor dos disparos fugiu do local e n\u00e3o foi localizado pela Pol\u00edcia Militar. A Pol\u00edcia Militar de Santa Catarina, com sede em Irine\u00f3polis, foi acionada [&hellip;]<\/p>\n","protected":false},"author":2,"featured_media":45110,"comment_status":"open","ping_status":"open","sticky":false,"template":"","format":"standard","meta":{"footnotes":""},"categories":[2],"tags":[172],"class_list":["post-45109","post","type-post","status-publish","format-standard","has-post-thumbnail","hentry","category-policial","tag-featured"],"amp_enabled":true,"_links":{"self":[{"href":"https:\/\/radiostudiow.com.br\/site\/wp-json\/wp\/v2\/posts\/45109","targetHints":{"allow":["GET"]}}],"collection":[{"href":"https:\/\/radiostudiow.com.br\/site\/wp-json\/wp\/v2\/posts"}],"about":[{"href":"https:\/\/radiostudiow.com.br\/site\/wp-json\/wp\/v2\/types\/post"}],"author":[{"embeddable":true,"href":"https:\/\/radiostudiow.com.br\/site\/wp-json\/wp\/v2\/users\/2"}],"replies":[{"embeddable":true,"href":"https:\/\/radiostudiow.com.br\/site\/wp-json\/wp\/v2\/comments?post=45109"}],"version-history":[{"count":1,"href":"https:\/\/radiostudiow.com.br\/site\/wp-json\/wp\/v2\/posts\/45109\/revisions"}],"predecessor-version":[{"id":45111,"href":"https:\/\/radiostudiow.com.br\/site\/wp-json\/wp\/v2\/posts\/45109\/revisions\/45111"}],"wp:featuredmedia":[{"embeddable":true,"href":"https:\/\/radiostudiow.com.br\/site\/wp-json\/wp\/v2\/media\/45110"}],"wp:attachment":[{"href":"https:\/\/radiostudiow.com.br\/site\/wp-json\/wp\/v2\/media?parent=45109"}],"wp:term":[{"taxonomy":"category","embeddable":true,"href":"https:\/\/radiostudiow.com.br\/site\/wp-json\/wp\/v2\/categories?post=45109"},{"taxonomy":"post_tag","embeddable":true,"href":"https:\/\/radiostudiow.com.br\/site\/wp-json\/wp\/v2\/tags?post=45109"}],"curies":[{"name":"wp","href":"https:\/\/api.w.org\/{rel}","templated":true}]}}