{"id":45114,"date":"2025-11-29T10:30:16","date_gmt":"2025-11-29T13:30:16","guid":{"rendered":"https:\/\/radiostudiow.com.br\/site\/?p=45114"},"modified":"2025-11-29T10:30:17","modified_gmt":"2025-11-29T13:30:17","slug":"policia-militar-intercepta-veiculo-irregular-e-identifica-condutor-com-sinais-de-embriagados-em-cruz-machado","status":"publish","type":"post","link":"https:\/\/radiostudiow.com.br\/site\/2025\/11\/29\/policia-militar-intercepta-veiculo-irregular-e-identifica-condutor-com-sinais-de-embriagados-em-cruz-machado\/","title":{"rendered":"Pol\u00edcia Militar intercepta ve\u00edculo irregular e identifica condutor com sinais de embriagados em Cruz Machado"},"content":{"rendered":"\n<figure class=\"wp-block-image size-full\"><img loading=\"lazy\" decoding=\"async\" width=\"897\" height=\"204\" src=\"https:\/\/radiostudiow.com.br\/site\/wp-content\/uploads\/2025\/05\/NUTRI-MALLET.png\" alt=\"\" class=\"wp-image-37813\" srcset=\"https:\/\/radiostudiow.com.br\/site\/wp-content\/uploads\/2025\/05\/NUTRI-MALLET.png 897w, https:\/\/radiostudiow.com.br\/site\/wp-content\/uploads\/2025\/05\/NUTRI-MALLET-300x68.png 300w, https:\/\/radiostudiow.com.br\/site\/wp-content\/uploads\/2025\/05\/NUTRI-MALLET-768x175.png 768w\" sizes=\"auto, (max-width: 897px) 100vw, 897px\" \/><\/figure>\n\n\n\n<p>A equipe da Pol\u00edcia Militar de Cruz Machado estava em patrulhamento pela Avenida Manoel Ribas, \u00e1rea rural da cidade quando percebeu que um ve\u00edculo de cor prata realizou manobra brusca, danificando arbustos e uma placa de sinaliza\u00e7\u00e3o por volta das 00h45min dessa sexta-feira (29).<\/p>\n\n\n\n<p>Os policiais acompanharam o autom\u00f3vel, que parou alguns metros \u00e0 frente, permitindo a abordagem. O motorista apresentava sinais claros de embriaguez, como odor et\u00edlico, olhos avermelhados e comportamento desorientado. A inspe\u00e7\u00e3o do ve\u00edculo revelou diversas avarias, indicando condi\u00e7\u00f5es inadequadas de circula\u00e7\u00e3o.<\/p>\n\n\n\n<figure class=\"wp-block-image size-full\"><img loading=\"lazy\" decoding=\"async\" width=\"897\" height=\"204\" src=\"https:\/\/radiostudiow.com.br\/site\/wp-content\/uploads\/2025\/03\/image-62.png\" alt=\"\" class=\"wp-image-35859\" srcset=\"https:\/\/radiostudiow.com.br\/site\/wp-content\/uploads\/2025\/03\/image-62.png 897w, https:\/\/radiostudiow.com.br\/site\/wp-content\/uploads\/2025\/03\/image-62-300x68.png 300w, https:\/\/radiostudiow.com.br\/site\/wp-content\/uploads\/2025\/03\/image-62-768x175.png 768w\" sizes=\"auto, (max-width: 897px) 100vw, 897px\" \/><\/figure>\n\n\n\n<p>Diante das irregularidades, o autom\u00f3vel foi recolhido ao p\u00e1tio. O condutor recusou-se a realizar o teste do baf\u00f4metro, recebendo autua\u00e7\u00e3o conforme o C\u00f3digo de Tr\u00e2nsito Brasileiro, com registro em termo de constata\u00e7\u00e3o.<\/p>\n\n\n\n<p>Em seguida, foi conduzido ao hospital para exame de integridade f\u00edsica e posteriormente encaminhado \u00e0 unidade policial para as provid\u00eancias cab\u00edveis.<\/p>\n","protected":false},"excerpt":{"rendered":"<p>A equipe da Pol\u00edcia Militar de Cruz Machado estava em patrulhamento pela Avenida Manoel Ribas, \u00e1rea rural da cidade quando percebeu que um ve\u00edculo de cor prata realizou manobra brusca, danificando arbustos e uma placa de sinaliza\u00e7\u00e3o por volta das 00h45min dessa sexta-feira (29). Os policiais acompanharam o autom\u00f3vel, que parou alguns metros \u00e0 frente, [&hellip;]<\/p>\n","protected":false},"author":2,"featured_media":34477,"comment_status":"open","ping_status":"open","sticky":false,"template":"","format":"standard","meta":{"footnotes":""},"categories":[2],"tags":[172],"class_list":["post-45114","post","type-post","status-publish","format-standard","has-post-thumbnail","hentry","category-policial","tag-featured"],"amp_enabled":true,"_links":{"self":[{"href":"https:\/\/radiostudiow.com.br\/site\/wp-json\/wp\/v2\/posts\/45114","targetHints":{"allow":["GET"]}}],"collection":[{"href":"https:\/\/radiostudiow.com.br\/site\/wp-json\/wp\/v2\/posts"}],"about":[{"href":"https:\/\/radiostudiow.com.br\/site\/wp-json\/wp\/v2\/types\/post"}],"author":[{"embeddable":true,"href":"https:\/\/radiostudiow.com.br\/site\/wp-json\/wp\/v2\/users\/2"}],"replies":[{"embeddable":true,"href":"https:\/\/radiostudiow.com.br\/site\/wp-json\/wp\/v2\/comments?post=45114"}],"version-history":[{"count":1,"href":"https:\/\/radiostudiow.com.br\/site\/wp-json\/wp\/v2\/posts\/45114\/revisions"}],"predecessor-version":[{"id":45115,"href":"https:\/\/radiostudiow.com.br\/site\/wp-json\/wp\/v2\/posts\/45114\/revisions\/45115"}],"wp:featuredmedia":[{"embeddable":true,"href":"https:\/\/radiostudiow.com.br\/site\/wp-json\/wp\/v2\/media\/34477"}],"wp:attachment":[{"href":"https:\/\/radiostudiow.com.br\/site\/wp-json\/wp\/v2\/media?parent=45114"}],"wp:term":[{"taxonomy":"category","embeddable":true,"href":"https:\/\/radiostudiow.com.br\/site\/wp-json\/wp\/v2\/categories?post=45114"},{"taxonomy":"post_tag","embeddable":true,"href":"https:\/\/radiostudiow.com.br\/site\/wp-json\/wp\/v2\/tags?post=45114"}],"curies":[{"name":"wp","href":"https:\/\/api.w.org\/{rel}","templated":true}]}}