{"id":45116,"date":"2025-11-29T10:38:35","date_gmt":"2025-11-29T13:38:35","guid":{"rendered":"https:\/\/radiostudiow.com.br\/site\/?p=45116"},"modified":"2025-11-29T10:38:36","modified_gmt":"2025-11-29T13:38:36","slug":"iat-aprova-duplicacao-de-trecho-da-br-277-entre-palmeira-e-prudentopolis","status":"publish","type":"post","link":"https:\/\/radiostudiow.com.br\/site\/2025\/11\/29\/iat-aprova-duplicacao-de-trecho-da-br-277-entre-palmeira-e-prudentopolis\/","title":{"rendered":"IAT aprova duplica\u00e7\u00e3o de trecho da BR-277 entre Palmeira e Prudent\u00f3polis"},"content":{"rendered":"\n<p>O Instituto \u00c1gua e Terra (IAT) publicou a concess\u00e3o de duplica\u00e7\u00e3o de um dos trechos da BR-277 que passam por munic\u00edpios da regi\u00e3o.<\/p>\n\n\n\n<p>A s\u00famula de concess\u00e3o foi publicada no Di\u00e1rio Oficial Executivo desta ter\u00e7a-feira (25) e prev\u00ea em quais munic\u00edpios a rodovia dever\u00e1 passar por obras de duplica\u00e7\u00e3o.<\/p>\n\n\n\n<figure class=\"wp-block-image size-full\"><img loading=\"lazy\" decoding=\"async\" width=\"598\" height=\"204\" src=\"https:\/\/radiostudiow.com.br\/site\/wp-content\/uploads\/2024\/01\/SITE-MEDIO.png\" alt=\"\" class=\"wp-image-18916\" srcset=\"https:\/\/radiostudiow.com.br\/site\/wp-content\/uploads\/2024\/01\/SITE-MEDIO.png 598w, https:\/\/radiostudiow.com.br\/site\/wp-content\/uploads\/2024\/01\/SITE-MEDIO-300x102.png 300w\" sizes=\"auto, (max-width: 598px) 100vw, 598px\" \/><\/figure>\n\n\n\n<p>De acordo com o documento do IAT, a duplica\u00e7\u00e3o acontecer\u00e1 nos trechos da via que passam pelas cidades de Palmeira, Irati, Porto Amazonas e Prudent\u00f3polis.<\/p>\n\n\n\n<p>A licen\u00e7a possui validade at\u00e9 o final do ano de 2030, quando as obras dever\u00e3o estar em processo de finaliza\u00e7\u00e3o. A concess\u00e3o do IAT \u00e9 um processo necess\u00e1rio para que as reformas comecem.<\/p>\n\n\n\n<p>Com a aprova\u00e7\u00e3o do Instituto, come\u00e7am as licita\u00e7\u00f5es para a contrata\u00e7\u00e3o de empresas e m\u00e3o de obra necess\u00e1rios para a realiza\u00e7\u00e3o da obra de duplica\u00e7\u00e3o.<\/p>\n\n\n\n<p class=\"has-text-align-center\"><em><strong>Da reda\u00e7\u00e3o Portal Irati<\/strong><\/em><\/p>\n","protected":false},"excerpt":{"rendered":"<p>O Instituto \u00c1gua e Terra (IAT) publicou a concess\u00e3o de duplica\u00e7\u00e3o de um dos trechos da BR-277 que passam por munic\u00edpios da regi\u00e3o. A s\u00famula de concess\u00e3o foi publicada no Di\u00e1rio Oficial Executivo desta ter\u00e7a-feira (25) e prev\u00ea em quais munic\u00edpios a rodovia dever\u00e1 passar por obras de duplica\u00e7\u00e3o. De acordo com o documento do [&hellip;]<\/p>\n","protected":false},"author":2,"featured_media":45117,"comment_status":"open","ping_status":"open","sticky":false,"template":"","format":"standard","meta":{"footnotes":""},"categories":[185],"tags":[172],"class_list":["post-45116","post","type-post","status-publish","format-standard","has-post-thumbnail","hentry","category-regional","tag-featured"],"amp_enabled":true,"_links":{"self":[{"href":"https:\/\/radiostudiow.com.br\/site\/wp-json\/wp\/v2\/posts\/45116","targetHints":{"allow":["GET"]}}],"collection":[{"href":"https:\/\/radiostudiow.com.br\/site\/wp-json\/wp\/v2\/posts"}],"about":[{"href":"https:\/\/radiostudiow.com.br\/site\/wp-json\/wp\/v2\/types\/post"}],"author":[{"embeddable":true,"href":"https:\/\/radiostudiow.com.br\/site\/wp-json\/wp\/v2\/users\/2"}],"replies":[{"embeddable":true,"href":"https:\/\/radiostudiow.com.br\/site\/wp-json\/wp\/v2\/comments?post=45116"}],"version-history":[{"count":1,"href":"https:\/\/radiostudiow.com.br\/site\/wp-json\/wp\/v2\/posts\/45116\/revisions"}],"predecessor-version":[{"id":45118,"href":"https:\/\/radiostudiow.com.br\/site\/wp-json\/wp\/v2\/posts\/45116\/revisions\/45118"}],"wp:featuredmedia":[{"embeddable":true,"href":"https:\/\/radiostudiow.com.br\/site\/wp-json\/wp\/v2\/media\/45117"}],"wp:attachment":[{"href":"https:\/\/radiostudiow.com.br\/site\/wp-json\/wp\/v2\/media?parent=45116"}],"wp:term":[{"taxonomy":"category","embeddable":true,"href":"https:\/\/radiostudiow.com.br\/site\/wp-json\/wp\/v2\/categories?post=45116"},{"taxonomy":"post_tag","embeddable":true,"href":"https:\/\/radiostudiow.com.br\/site\/wp-json\/wp\/v2\/tags?post=45116"}],"curies":[{"name":"wp","href":"https:\/\/api.w.org\/{rel}","templated":true}]}}