{"id":45119,"date":"2025-11-29T10:44:10","date_gmt":"2025-11-29T13:44:10","guid":{"rendered":"https:\/\/radiostudiow.com.br\/site\/?p=45119"},"modified":"2025-11-29T10:44:10","modified_gmt":"2025-11-29T13:44:10","slug":"corpo-de-homem-que-estava-desaparecido-na-lapa-desde-4-de-novembro-e-encontrado","status":"publish","type":"post","link":"https:\/\/radiostudiow.com.br\/site\/2025\/11\/29\/corpo-de-homem-que-estava-desaparecido-na-lapa-desde-4-de-novembro-e-encontrado\/","title":{"rendered":"Corpo de homem que estava desaparecido na Lapa desde 4 de novembro \u00e9 encontrado"},"content":{"rendered":"\n<p class=\"has-text-align-center\"><strong><em>Da reda\u00e7\u00e3o Portal RDX<\/em><\/strong><\/p>\n\n\n\n<p>Na manh\u00e3 desta sexta-feira (28), foi encontrado o corpo\u00a0Anderson Jos\u00e9 Silveira de Santana, de 42 anos de idade, residente da Lapa, que estava desaparecido desde a manh\u00e3 do dia 4 de novembro de 2025.<\/p>\n\n\n\n<p>De acordo com o que foi apurado, a v\u00edtima e o suspeito se deslocaram at\u00e9 o munic\u00edpio de Porto Amazonas para realizar a compra de uma carga de sucata. Retornou para a cidade da Lapa apenas o suspeito, de 45 anos de idade.<\/p>\n\n\n\n<figure class=\"wp-block-image size-full\"><img loading=\"lazy\" decoding=\"async\" width=\"897\" height=\"204\" src=\"https:\/\/radiostudiow.com.br\/site\/wp-content\/uploads\/2025\/06\/BARROS.png\" alt=\"\" class=\"wp-image-39575\" srcset=\"https:\/\/radiostudiow.com.br\/site\/wp-content\/uploads\/2025\/06\/BARROS.png 897w, https:\/\/radiostudiow.com.br\/site\/wp-content\/uploads\/2025\/06\/BARROS-300x68.png 300w, https:\/\/radiostudiow.com.br\/site\/wp-content\/uploads\/2025\/06\/BARROS-768x175.png 768w\" sizes=\"auto, (max-width: 897px) 100vw, 897px\" \/><\/figure>\n\n\n\n<p>Na zona rural de Porto Amazonas foi encontrado uma po\u00e7a de sangue, um estojo de muni\u00e7\u00e3o, al\u00e9m do bon\u00e9 utilizado pela v\u00edtima.<\/p>\n\n\n\n<p>Ap\u00f3s uma intensa investiga\u00e7\u00e3o, que contou com depoimentos testemunhais, an\u00e1lise de imagens de c\u00e2meras, dilig\u00eancias nos locais, per\u00edcias, buscas, dentre outras, apurou-se que\u00a0o suspeito levou o corpo de Anderson para sua resid\u00eancia na Lapa e, no dia seguinte, o depositou em uma \u00e1rea de mata pr\u00f3ximo de sua casa.<\/p>\n\n\n\n<figure class=\"wp-block-image size-full\"><img decoding=\"async\" src=\"https:\/\/radiostudiow.com.br\/site\/wp-content\/uploads\/2025\/10\/SUPREMA-BARBA.png\" alt=\"\" class=\"wp-image-44123\"\/><\/figure>\n\n\n\n<p>O ve\u00edculo utilizado pelo investigado foi periciado e constatado vest\u00edgios de sangue no porta-malas. O laudo de confronto gen\u00e9tico confirmar\u00e1 se o sangue \u00e9 de Anderson.<\/p>\n\n\n\n<p>Diante de todos elementos coligidos, foi representado pela Pris\u00e3o Tempor\u00e1ria e busca e apreens\u00e3o na casa do investigado, com manifesta\u00e7\u00e3o favor\u00e1vel do Minist\u00e9rio P\u00fablico e deferimento pelo Poder Judici\u00e1rio da Comarca de Palmeira.<\/p>\n\n\n\n<figure class=\"wp-block-image\"><img decoding=\"async\" src=\"https:\/\/portalrdx.com.br\/wp-content\/uploads\/2025\/11\/image-71-1024x768.png\" alt=\"\" class=\"wp-image-112534\"\/><figcaption class=\"wp-element-caption\">Reprodu\u00e7\u00e3o<\/figcaption><\/figure>\n\n\n\n<p>Na quarta-feira (26), foram cumpridos os referidos mandados, com a pris\u00e3o do autor.<\/p>\n\n\n\n<p>Em sede de interrogat\u00f3rio, o autor de 45 anos confessou a autoria do crime e confirmou os fatos, alegando, em s\u00edntese, leg\u00edtima defesa.<\/p>\n\n\n\n<figure class=\"wp-block-image size-full\"><img loading=\"lazy\" decoding=\"async\" width=\"598\" height=\"204\" src=\"https:\/\/radiostudiow.com.br\/site\/wp-content\/uploads\/2025\/05\/POLAK.png\" alt=\"\" class=\"wp-image-37847\" srcset=\"https:\/\/radiostudiow.com.br\/site\/wp-content\/uploads\/2025\/05\/POLAK.png 598w, https:\/\/radiostudiow.com.br\/site\/wp-content\/uploads\/2025\/05\/POLAK-300x102.png 300w\" sizes=\"auto, (max-width: 598px) 100vw, 598px\" \/><\/figure>\n\n\n\n<p>Atrav\u00e9s de dilig\u00eancias investigativas das equipes policiais, na manh\u00e3 desta sexta-feira (28), foi encontrado o corpo da v\u00edtima em uma zona de mata, no munic\u00edpio da Lapa, pr\u00f3ximo da casa do suspeito.<\/p>\n\n\n\n<p>O inqu\u00e9rito policial ser\u00e1 finalizado em breve, t\u00e3o pronto recebidos os laudos periciais e conclu\u00eddas as dilig\u00eancias que se encontram em andamento, e ser\u00e1 encaminhado ao Minist\u00e9rio P\u00fablico e Poder Judici\u00e1rio para aprecia\u00e7\u00e3o.<\/p>\n\n\n\n<p class=\"has-text-align-center\"><em><strong>Com informa\u00e7\u00f5es Portal Lapeano<\/strong><\/em><\/p>\n","protected":false},"excerpt":{"rendered":"<p>Da reda\u00e7\u00e3o Portal RDX Na manh\u00e3 desta sexta-feira (28), foi encontrado o corpo\u00a0Anderson Jos\u00e9 Silveira de Santana, de 42 anos de idade, residente da Lapa, que estava desaparecido desde a manh\u00e3 do dia 4 de novembro de 2025. De acordo com o que foi apurado, a v\u00edtima e o suspeito se deslocaram at\u00e9 o munic\u00edpio [&hellip;]<\/p>\n","protected":false},"author":2,"featured_media":45120,"comment_status":"open","ping_status":"open","sticky":false,"template":"","format":"standard","meta":{"footnotes":""},"categories":[2],"tags":[172],"class_list":["post-45119","post","type-post","status-publish","format-standard","has-post-thumbnail","hentry","category-policial","tag-featured"],"amp_enabled":true,"_links":{"self":[{"href":"https:\/\/radiostudiow.com.br\/site\/wp-json\/wp\/v2\/posts\/45119","targetHints":{"allow":["GET"]}}],"collection":[{"href":"https:\/\/radiostudiow.com.br\/site\/wp-json\/wp\/v2\/posts"}],"about":[{"href":"https:\/\/radiostudiow.com.br\/site\/wp-json\/wp\/v2\/types\/post"}],"author":[{"embeddable":true,"href":"https:\/\/radiostudiow.com.br\/site\/wp-json\/wp\/v2\/users\/2"}],"replies":[{"embeddable":true,"href":"https:\/\/radiostudiow.com.br\/site\/wp-json\/wp\/v2\/comments?post=45119"}],"version-history":[{"count":1,"href":"https:\/\/radiostudiow.com.br\/site\/wp-json\/wp\/v2\/posts\/45119\/revisions"}],"predecessor-version":[{"id":45121,"href":"https:\/\/radiostudiow.com.br\/site\/wp-json\/wp\/v2\/posts\/45119\/revisions\/45121"}],"wp:featuredmedia":[{"embeddable":true,"href":"https:\/\/radiostudiow.com.br\/site\/wp-json\/wp\/v2\/media\/45120"}],"wp:attachment":[{"href":"https:\/\/radiostudiow.com.br\/site\/wp-json\/wp\/v2\/media?parent=45119"}],"wp:term":[{"taxonomy":"category","embeddable":true,"href":"https:\/\/radiostudiow.com.br\/site\/wp-json\/wp\/v2\/categories?post=45119"},{"taxonomy":"post_tag","embeddable":true,"href":"https:\/\/radiostudiow.com.br\/site\/wp-json\/wp\/v2\/tags?post=45119"}],"curies":[{"name":"wp","href":"https:\/\/api.w.org\/{rel}","templated":true}]}}