{"id":45133,"date":"2025-12-01T09:53:11","date_gmt":"2025-12-01T12:53:11","guid":{"rendered":"https:\/\/radiostudiow.com.br\/site\/?p=45133"},"modified":"2025-12-01T09:53:11","modified_gmt":"2025-12-01T12:53:11","slug":"jovem-de-19-anos-perde-a-vida-em-acidente-na-br-153","status":"publish","type":"post","link":"https:\/\/radiostudiow.com.br\/site\/2025\/12\/01\/jovem-de-19-anos-perde-a-vida-em-acidente-na-br-153\/","title":{"rendered":"Jovem de 19 anos perde a vida em acidente na BR 153"},"content":{"rendered":"\n<figure class=\"wp-block-image size-full\"><img loading=\"lazy\" decoding=\"async\" width=\"897\" height=\"204\" src=\"https:\/\/radiostudiow.com.br\/site\/wp-content\/uploads\/2025\/03\/image-62.png\" alt=\"\" class=\"wp-image-35859\" srcset=\"https:\/\/radiostudiow.com.br\/site\/wp-content\/uploads\/2025\/03\/image-62.png 897w, https:\/\/radiostudiow.com.br\/site\/wp-content\/uploads\/2025\/03\/image-62-300x68.png 300w, https:\/\/radiostudiow.com.br\/site\/wp-content\/uploads\/2025\/03\/image-62-768x175.png 768w\" sizes=\"auto, (max-width: 897px) 100vw, 897px\" \/><\/figure>\n\n\n\n<p>Um grave acidente registrado no\u00a0km 346 da BR-153, e envolveu dois ve\u00edculos por volta das\u00a022 horas na noite de sexta-feira (28) em Rebou\u00e7as e tirou a vida de um jovem identificado como\u00a0Tiago Ferreira dos Santos, de 19 anos.<\/p>\n\n\n\n<p>De acordo com informa\u00e7\u00f5es da\u00a0Pol\u00edcia Rodovi\u00e1ria Federal (PRF), o acidente foi uma\u00a0colis\u00e3o frontal\u00a0entre um\u00a0VW Gol branco, com placas de Iraperu\u00e7u (PR), e um\u00a0caminh\u00e3o Mercedes-Benz vermelho, com placas de Irine\u00f3polis (SC).<\/p>\n\n\n\n<figure class=\"wp-block-image size-full\"><img loading=\"lazy\" decoding=\"async\" width=\"598\" height=\"204\" src=\"https:\/\/radiostudiow.com.br\/site\/wp-content\/uploads\/2024\/10\/labirati.png\" alt=\"\" class=\"wp-image-28854\" srcset=\"https:\/\/radiostudiow.com.br\/site\/wp-content\/uploads\/2024\/10\/labirati.png 598w, https:\/\/radiostudiow.com.br\/site\/wp-content\/uploads\/2024\/10\/labirati-300x102.png 300w\" sizes=\"auto, (max-width: 598px) 100vw, 598px\" \/><\/figure>\n\n\n\n<p>Tiago, que conduzia o Gol,\u00a0morreu no local. J\u00e1 o motorista do caminh\u00e3o, um homem de 41 anos,\u00a0n\u00e3o ficou ferido. Ele realizou o teste do baf\u00f4metro, que apontou\u00a0resultado negativo para ingest\u00e3o de \u00e1lcool.<\/p>\n\n\n\n<p>O corpo de Tiago Ferreira dos Santos foi encaminhado ao\u00a0Instituto M\u00e9dico-Legal (IML), e\u00a0o vel\u00f3rio ser\u00e1 realizado ap\u00f3s a libera\u00e7\u00e3o\u00a0pelos peritos. As causas do acidente ainda est\u00e3o sendo apuradas pela PRF. <\/p>\n\n\n\n<p class=\"has-text-align-center\"><em><strong>Informa\u00e7\u00f5es: Alvorada FM \/ PRF \/ Funer\u00e1ria Cristo Rei que far\u00e1 atendimento a familia.<\/strong><\/em><\/p>\n","protected":false},"excerpt":{"rendered":"<p>Um grave acidente registrado no\u00a0km 346 da BR-153, e envolveu dois ve\u00edculos por volta das\u00a022 horas na noite de sexta-feira (28) em Rebou\u00e7as e tirou a vida de um jovem identificado como\u00a0Tiago Ferreira dos Santos, de 19 anos. De acordo com informa\u00e7\u00f5es da\u00a0Pol\u00edcia Rodovi\u00e1ria Federal (PRF), o acidente foi uma\u00a0colis\u00e3o frontal\u00a0entre um\u00a0VW Gol branco, com [&hellip;]<\/p>\n","protected":false},"author":2,"featured_media":45134,"comment_status":"open","ping_status":"open","sticky":false,"template":"","format":"standard","meta":{"footnotes":""},"categories":[185],"tags":[172],"class_list":["post-45133","post","type-post","status-publish","format-standard","has-post-thumbnail","hentry","category-regional","tag-featured"],"amp_enabled":true,"_links":{"self":[{"href":"https:\/\/radiostudiow.com.br\/site\/wp-json\/wp\/v2\/posts\/45133","targetHints":{"allow":["GET"]}}],"collection":[{"href":"https:\/\/radiostudiow.com.br\/site\/wp-json\/wp\/v2\/posts"}],"about":[{"href":"https:\/\/radiostudiow.com.br\/site\/wp-json\/wp\/v2\/types\/post"}],"author":[{"embeddable":true,"href":"https:\/\/radiostudiow.com.br\/site\/wp-json\/wp\/v2\/users\/2"}],"replies":[{"embeddable":true,"href":"https:\/\/radiostudiow.com.br\/site\/wp-json\/wp\/v2\/comments?post=45133"}],"version-history":[{"count":1,"href":"https:\/\/radiostudiow.com.br\/site\/wp-json\/wp\/v2\/posts\/45133\/revisions"}],"predecessor-version":[{"id":45135,"href":"https:\/\/radiostudiow.com.br\/site\/wp-json\/wp\/v2\/posts\/45133\/revisions\/45135"}],"wp:featuredmedia":[{"embeddable":true,"href":"https:\/\/radiostudiow.com.br\/site\/wp-json\/wp\/v2\/media\/45134"}],"wp:attachment":[{"href":"https:\/\/radiostudiow.com.br\/site\/wp-json\/wp\/v2\/media?parent=45133"}],"wp:term":[{"taxonomy":"category","embeddable":true,"href":"https:\/\/radiostudiow.com.br\/site\/wp-json\/wp\/v2\/categories?post=45133"},{"taxonomy":"post_tag","embeddable":true,"href":"https:\/\/radiostudiow.com.br\/site\/wp-json\/wp\/v2\/tags?post=45133"}],"curies":[{"name":"wp","href":"https:\/\/api.w.org\/{rel}","templated":true}]}}