{"id":45136,"date":"2025-12-01T10:00:14","date_gmt":"2025-12-01T13:00:14","guid":{"rendered":"https:\/\/radiostudiow.com.br\/site\/?p=45136"},"modified":"2025-12-01T10:00:15","modified_gmt":"2025-12-01T13:00:15","slug":"veiculo-com-placas-de-reboucas-sobre-capotamento-em-fernandes-pinheiro","status":"publish","type":"post","link":"https:\/\/radiostudiow.com.br\/site\/2025\/12\/01\/veiculo-com-placas-de-reboucas-sobre-capotamento-em-fernandes-pinheiro\/","title":{"rendered":"Ve\u00edculo com placas de Rebou\u00e7as sobre capotamento em Fernandes Pinheiro"},"content":{"rendered":"\n<figure class=\"wp-block-image size-full\"><img loading=\"lazy\" decoding=\"async\" width=\"897\" height=\"207\" src=\"https:\/\/radiostudiow.com.br\/site\/wp-content\/uploads\/2025\/07\/TIJOLAO.png\" alt=\"\" class=\"wp-image-40184\" srcset=\"https:\/\/radiostudiow.com.br\/site\/wp-content\/uploads\/2025\/07\/TIJOLAO.png 897w, https:\/\/radiostudiow.com.br\/site\/wp-content\/uploads\/2025\/07\/TIJOLAO-300x69.png 300w, https:\/\/radiostudiow.com.br\/site\/wp-content\/uploads\/2025\/07\/TIJOLAO-768x177.png 768w\" sizes=\"auto, (max-width: 897px) 100vw, 897px\" \/><\/figure>\n\n\n\n<p>Um acidente de tr\u00e2nsito mobilizou equipes de seguran\u00e7a na BR-438 entrocamento com a BR 277, pr\u00f3ximo \u00e0 entrada da \u00e1rea urbana do munic\u00edpio por volta das 9h45min deste s\u00e1bado (29). A equipe da Pol\u00edcia Militar recebeu informa\u00e7\u00f5es sobre um capotamento com sa\u00edda de pista no trecho.<\/p>\n\n\n\n<p>Ao chegar ao local, a equipe constatou que o ve\u00edculo&nbsp;Honda Civic emplacamento de Rebou\u00e7as\/PR envolvido havia capotado e tendo principio de incendio na sequencia. O condutor relatou que seguia sentido Ponta Grossa\u2013Irati quando teria adormecido ao volante, ocasionando a perda de controle e o acidente.<\/p>\n\n\n\n<figure class=\"wp-block-image size-full\"><img loading=\"lazy\" decoding=\"async\" width=\"598\" height=\"204\" src=\"https:\/\/radiostudiow.com.br\/site\/wp-content\/uploads\/2024\/01\/SITE-MEDIO.png\" alt=\"\" class=\"wp-image-18916\" srcset=\"https:\/\/radiostudiow.com.br\/site\/wp-content\/uploads\/2024\/01\/SITE-MEDIO.png 598w, https:\/\/radiostudiow.com.br\/site\/wp-content\/uploads\/2024\/01\/SITE-MEDIO-300x102.png 300w\" sizes=\"auto, (max-width: 598px) 100vw, 598px\" \/><\/figure>\n\n\n\n<p>Durante o atendimento, os policiais observaram que o motorista apresentava sinais evidentes de embriaguez. A Pol\u00edcia Rodovi\u00e1ria Estadual foi comunicada, mas, devido a indisponibilidade de deslocamento imediato, orientou a equipe da PM a realizar o exame etilom\u00e9trico. O motorista, por\u00e9m, recusou-se a fazer o teste.<\/p>\n\n\n\n<p>&nbsp;Diante da recusa e dos ind\u00edcios notados pela equipe, foi lavrado o termo de constata\u00e7\u00e3o de embriaguez ao volante. O condutor foi encaminhado \u00e0 Delegacia de Teixeira Soares para as provid\u00eancias legais.<\/p>\n\n\n\n<p class=\"has-text-align-center\"><em><strong>Foto Pol\u00edcia Rodovi\u00e1ria \/ Informa\u00e7\u00f5es da Pol\u00edcia Militar \/ Alvorada FM<\/strong><\/em><\/p>\n","protected":false},"excerpt":{"rendered":"<p>Um acidente de tr\u00e2nsito mobilizou equipes de seguran\u00e7a na BR-438 entrocamento com a BR 277, pr\u00f3ximo \u00e0 entrada da \u00e1rea urbana do munic\u00edpio por volta das 9h45min deste s\u00e1bado (29). A equipe da Pol\u00edcia Militar recebeu informa\u00e7\u00f5es sobre um capotamento com sa\u00edda de pista no trecho. Ao chegar ao local, a equipe constatou que o [&hellip;]<\/p>\n","protected":false},"author":2,"featured_media":45137,"comment_status":"open","ping_status":"open","sticky":false,"template":"","format":"standard","meta":{"footnotes":""},"categories":[2],"tags":[172],"class_list":["post-45136","post","type-post","status-publish","format-standard","has-post-thumbnail","hentry","category-policial","tag-featured"],"amp_enabled":true,"_links":{"self":[{"href":"https:\/\/radiostudiow.com.br\/site\/wp-json\/wp\/v2\/posts\/45136","targetHints":{"allow":["GET"]}}],"collection":[{"href":"https:\/\/radiostudiow.com.br\/site\/wp-json\/wp\/v2\/posts"}],"about":[{"href":"https:\/\/radiostudiow.com.br\/site\/wp-json\/wp\/v2\/types\/post"}],"author":[{"embeddable":true,"href":"https:\/\/radiostudiow.com.br\/site\/wp-json\/wp\/v2\/users\/2"}],"replies":[{"embeddable":true,"href":"https:\/\/radiostudiow.com.br\/site\/wp-json\/wp\/v2\/comments?post=45136"}],"version-history":[{"count":1,"href":"https:\/\/radiostudiow.com.br\/site\/wp-json\/wp\/v2\/posts\/45136\/revisions"}],"predecessor-version":[{"id":45138,"href":"https:\/\/radiostudiow.com.br\/site\/wp-json\/wp\/v2\/posts\/45136\/revisions\/45138"}],"wp:featuredmedia":[{"embeddable":true,"href":"https:\/\/radiostudiow.com.br\/site\/wp-json\/wp\/v2\/media\/45137"}],"wp:attachment":[{"href":"https:\/\/radiostudiow.com.br\/site\/wp-json\/wp\/v2\/media?parent=45136"}],"wp:term":[{"taxonomy":"category","embeddable":true,"href":"https:\/\/radiostudiow.com.br\/site\/wp-json\/wp\/v2\/categories?post=45136"},{"taxonomy":"post_tag","embeddable":true,"href":"https:\/\/radiostudiow.com.br\/site\/wp-json\/wp\/v2\/tags?post=45136"}],"curies":[{"name":"wp","href":"https:\/\/api.w.org\/{rel}","templated":true}]}}