{"id":45139,"date":"2025-12-01T10:16:35","date_gmt":"2025-12-01T13:16:35","guid":{"rendered":"https:\/\/radiostudiow.com.br\/site\/?p=45139"},"modified":"2025-12-01T10:22:15","modified_gmt":"2025-12-01T13:22:15","slug":"iratiense-morre-em-acidente-em-ponta-grossa","status":"publish","type":"post","link":"https:\/\/radiostudiow.com.br\/site\/2025\/12\/01\/iratiense-morre-em-acidente-em-ponta-grossa\/","title":{"rendered":"Iratiense morre em acidente em Ponta Grossa"},"content":{"rendered":"\n<figure class=\"wp-block-image size-full\"><img loading=\"lazy\" decoding=\"async\" width=\"897\" height=\"204\" src=\"https:\/\/radiostudiow.com.br\/site\/wp-content\/uploads\/2025\/06\/BARROS.png\" alt=\"\" class=\"wp-image-39575\" srcset=\"https:\/\/radiostudiow.com.br\/site\/wp-content\/uploads\/2025\/06\/BARROS.png 897w, https:\/\/radiostudiow.com.br\/site\/wp-content\/uploads\/2025\/06\/BARROS-300x68.png 300w, https:\/\/radiostudiow.com.br\/site\/wp-content\/uploads\/2025\/06\/BARROS-768x175.png 768w\" sizes=\"auto, (max-width: 897px) 100vw, 897px\" \/><\/figure>\n\n\n\n<p>As equipes da Pol\u00edcia Militar do 1\u00ba Batalh\u00e3o de Pol\u00edcia Militar (1\u00ba BPM), foram acionadas via COPOM para prestar apoio ao SAMU em uma ocorr\u00eancia de acidente de tr\u00e2nsito do tipo auto x moto, na Avenida Visconde de Mau\u00e1, bairro Oficinas, em Ponta Grossa por volta das 18h40min deste s\u00e1bado (29).<\/p>\n\n\n\n<p>No local, as equipes do SAMU constataram o \u00f3bito de um homem de 32 anos, condutor da motocicleta. Diante da situa\u00e7\u00e3o, foram acionados os \u00f3rg\u00e3os competentes para os procedimentos necess\u00e1rios.<\/p>\n\n\n\n<figure class=\"wp-block-gallery has-nested-images columns-default is-cropped wp-block-gallery-1 is-layout-flex wp-block-gallery-is-layout-flex\">\n<figure class=\"wp-block-image size-large\"><img decoding=\"async\" data-id=\"44123\" src=\"https:\/\/radiostudiow.com.br\/site\/wp-content\/uploads\/2025\/10\/SUPREMA-BARBA.png\" alt=\"\" class=\"wp-image-44123\"\/><\/figure>\n\n\n\n<figure class=\"wp-block-image size-large\"><img loading=\"lazy\" decoding=\"async\" width=\"300\" height=\"180\" data-id=\"39582\" src=\"https:\/\/radiostudiow.com.br\/site\/wp-content\/uploads\/2025\/06\/PLAY-HALL.png\" alt=\"\" class=\"wp-image-39582\"\/><\/figure>\n\n\n\n<figure class=\"wp-block-image size-large\"><img loading=\"lazy\" decoding=\"async\" width=\"300\" height=\"180\" data-id=\"38014\" src=\"https:\/\/radiostudiow.com.br\/site\/wp-content\/uploads\/2025\/05\/VANE.png\" alt=\"\" class=\"wp-image-38014\"\/><\/figure>\n<\/figure>\n\n\n\n<p>Em conversa com o condutor do autom\u00f3vel, este relatou que trafegava pela Rua Antares, sentido Centro, e ao cruzar a Avenida Visconde de Mau\u00e1, foi atingido na lateral por uma motocicleta que seguia pela via. Com o impacto, o motociclista foi arremessado e caiu no canteiro central.<\/p>\n\n\n\n<p>A Pol\u00edcia Cient\u00edfica compareceu ao local para a realiza\u00e7\u00e3o da per\u00edcia, e o corpo da v\u00edtima foi encaminhado ao Instituto M\u00e9dico-Legal (IML).<\/p>\n\n\n\n<p>A v\u00edtima foi identificada como Murilo Pepe de 32 anos, morador da cidade de Irati.<\/p>\n\n\n\n<p><em>Com informa\u00e7\u00f5es da Pol\u00edcia Militar. Colabora\u00e7\u00e3o Kiko Oliveira.<\/em><\/p>\n\n\n\n<figure class=\"wp-block-gallery has-nested-images columns-default is-cropped wp-block-gallery-2 is-layout-flex wp-block-gallery-is-layout-flex\">\n<figure class=\"wp-block-image size-large\"><img loading=\"lazy\" decoding=\"async\" width=\"1024\" height=\"1024\" data-id=\"45143\" src=\"https:\/\/radiostudiow.com.br\/site\/wp-content\/uploads\/2025\/12\/590427493_18300718477283548_5126150640713404434_n-1024x1024.jpeg\" alt=\"\" class=\"wp-image-45143\" srcset=\"https:\/\/radiostudiow.com.br\/site\/wp-content\/uploads\/2025\/12\/590427493_18300718477283548_5126150640713404434_n-1024x1024.jpeg 1024w, https:\/\/radiostudiow.com.br\/site\/wp-content\/uploads\/2025\/12\/590427493_18300718477283548_5126150640713404434_n-300x300.jpeg 300w, https:\/\/radiostudiow.com.br\/site\/wp-content\/uploads\/2025\/12\/590427493_18300718477283548_5126150640713404434_n-768x769.jpeg 768w, https:\/\/radiostudiow.com.br\/site\/wp-content\/uploads\/2025\/12\/590427493_18300718477283548_5126150640713404434_n-80x80.jpeg 80w, https:\/\/radiostudiow.com.br\/site\/wp-content\/uploads\/2025\/12\/590427493_18300718477283548_5126150640713404434_n.jpeg 1439w\" sizes=\"auto, (max-width: 1024px) 100vw, 1024px\" \/><\/figure>\n\n\n\n<figure class=\"wp-block-image size-large\"><img loading=\"lazy\" decoding=\"async\" width=\"768\" height=\"1024\" data-id=\"45144\" src=\"https:\/\/radiostudiow.com.br\/site\/wp-content\/uploads\/2025\/12\/590615369_1819478215390685_8381255971603431506_n-768x1024.jpg\" alt=\"\" class=\"wp-image-45144\" srcset=\"https:\/\/radiostudiow.com.br\/site\/wp-content\/uploads\/2025\/12\/590615369_1819478215390685_8381255971603431506_n-768x1024.jpg 768w, https:\/\/radiostudiow.com.br\/site\/wp-content\/uploads\/2025\/12\/590615369_1819478215390685_8381255971603431506_n-225x300.jpg 225w, https:\/\/radiostudiow.com.br\/site\/wp-content\/uploads\/2025\/12\/590615369_1819478215390685_8381255971603431506_n-1152x1536.jpg 1152w, https:\/\/radiostudiow.com.br\/site\/wp-content\/uploads\/2025\/12\/590615369_1819478215390685_8381255971603431506_n.jpg 1200w\" sizes=\"auto, (max-width: 768px) 100vw, 768px\" \/><\/figure>\n\n\n\n<figure class=\"wp-block-image size-large\"><img loading=\"lazy\" decoding=\"async\" width=\"768\" height=\"1024\" data-id=\"45145\" src=\"https:\/\/radiostudiow.com.br\/site\/wp-content\/uploads\/2025\/12\/592933207_828496509942957_7481791348134406671_n-768x1024.jpg\" alt=\"\" class=\"wp-image-45145\" srcset=\"https:\/\/radiostudiow.com.br\/site\/wp-content\/uploads\/2025\/12\/592933207_828496509942957_7481791348134406671_n-768x1024.jpg 768w, https:\/\/radiostudiow.com.br\/site\/wp-content\/uploads\/2025\/12\/592933207_828496509942957_7481791348134406671_n-225x300.jpg 225w, https:\/\/radiostudiow.com.br\/site\/wp-content\/uploads\/2025\/12\/592933207_828496509942957_7481791348134406671_n-1152x1536.jpg 1152w, https:\/\/radiostudiow.com.br\/site\/wp-content\/uploads\/2025\/12\/592933207_828496509942957_7481791348134406671_n.jpg 1200w\" sizes=\"auto, (max-width: 768px) 100vw, 768px\" \/><\/figure>\n<\/figure>\n","protected":false},"excerpt":{"rendered":"<p>As equipes da Pol\u00edcia Militar do 1\u00ba Batalh\u00e3o de Pol\u00edcia Militar (1\u00ba BPM), foram acionadas via COPOM para prestar apoio ao SAMU em uma ocorr\u00eancia de acidente de tr\u00e2nsito do tipo auto x moto, na Avenida Visconde de Mau\u00e1, bairro Oficinas, em Ponta Grossa por volta das 18h40min deste s\u00e1bado (29). No local, as equipes [&hellip;]<\/p>\n","protected":false},"author":2,"featured_media":45149,"comment_status":"open","ping_status":"open","sticky":false,"template":"","format":"standard","meta":{"footnotes":""},"categories":[185],"tags":[172],"class_list":["post-45139","post","type-post","status-publish","format-standard","has-post-thumbnail","hentry","category-regional","tag-featured"],"amp_enabled":true,"_links":{"self":[{"href":"https:\/\/radiostudiow.com.br\/site\/wp-json\/wp\/v2\/posts\/45139","targetHints":{"allow":["GET"]}}],"collection":[{"href":"https:\/\/radiostudiow.com.br\/site\/wp-json\/wp\/v2\/posts"}],"about":[{"href":"https:\/\/radiostudiow.com.br\/site\/wp-json\/wp\/v2\/types\/post"}],"author":[{"embeddable":true,"href":"https:\/\/radiostudiow.com.br\/site\/wp-json\/wp\/v2\/users\/2"}],"replies":[{"embeddable":true,"href":"https:\/\/radiostudiow.com.br\/site\/wp-json\/wp\/v2\/comments?post=45139"}],"version-history":[{"count":2,"href":"https:\/\/radiostudiow.com.br\/site\/wp-json\/wp\/v2\/posts\/45139\/revisions"}],"predecessor-version":[{"id":45150,"href":"https:\/\/radiostudiow.com.br\/site\/wp-json\/wp\/v2\/posts\/45139\/revisions\/45150"}],"wp:featuredmedia":[{"embeddable":true,"href":"https:\/\/radiostudiow.com.br\/site\/wp-json\/wp\/v2\/media\/45149"}],"wp:attachment":[{"href":"https:\/\/radiostudiow.com.br\/site\/wp-json\/wp\/v2\/media?parent=45139"}],"wp:term":[{"taxonomy":"category","embeddable":true,"href":"https:\/\/radiostudiow.com.br\/site\/wp-json\/wp\/v2\/categories?post=45139"},{"taxonomy":"post_tag","embeddable":true,"href":"https:\/\/radiostudiow.com.br\/site\/wp-json\/wp\/v2\/tags?post=45139"}],"curies":[{"name":"wp","href":"https:\/\/api.w.org\/{rel}","templated":true}]}}