{"id":45159,"date":"2025-12-01T10:56:05","date_gmt":"2025-12-01T13:56:05","guid":{"rendered":"https:\/\/radiostudiow.com.br\/site\/?p=45159"},"modified":"2025-12-01T10:56:05","modified_gmt":"2025-12-01T13:56:05","slug":"jovem-morre-afogado-em-cachoeira-de-porto-vitoria","status":"publish","type":"post","link":"https:\/\/radiostudiow.com.br\/site\/2025\/12\/01\/jovem-morre-afogado-em-cachoeira-de-porto-vitoria\/","title":{"rendered":"Jovem morre afogado em cachoeira de Porto Vit\u00f3ria"},"content":{"rendered":"\n<p>Um jovem identificado como\u00a0Alex Marinho Dalpra,\u00a0de 25 anos, morreu afogado na parte superior da cachoeira de Porto Vit\u00f3ria na tarde deste s\u00e1bado (29).<\/p>\n\n\n\n<p>As buscas tiveram in\u00edcio imediatamente ap\u00f3s o chamado, e o corpo foi localizado pelos bombeiros por volta das\u00a020 horas.<\/p>\n\n\n\n<figure class=\"wp-block-image size-full\"><img loading=\"lazy\" decoding=\"async\" width=\"598\" height=\"204\" src=\"https:\/\/radiostudiow.com.br\/site\/wp-content\/uploads\/2025\/05\/POLAK.png\" alt=\"\" class=\"wp-image-37847\" srcset=\"https:\/\/radiostudiow.com.br\/site\/wp-content\/uploads\/2025\/05\/POLAK.png 598w, https:\/\/radiostudiow.com.br\/site\/wp-content\/uploads\/2025\/05\/POLAK-300x102.png 300w\" sizes=\"auto, (max-width: 598px) 100vw, 598px\" \/><\/figure>\n\n\n\n<p>Ap\u00f3s a retirada da \u00e1gua, o corpo foi encaminhado ao\u00a0Instituto M\u00e9dico-Legal (IML) de Uni\u00e3o da Vit\u00f3ria, onde passou por identifica\u00e7\u00e3o formal e exames necrosc\u00f3picos.<\/p>\n\n\n\n<p>As circunst\u00e2ncias do afogamento ainda n\u00e3o foram detalhadas. A Pol\u00edcia Civil deve investigar o caso.<a href=\"javascript:void(0);\"><\/a><\/p>\n","protected":false},"excerpt":{"rendered":"<p>Um jovem identificado como\u00a0Alex Marinho Dalpra,\u00a0de 25 anos, morreu afogado na parte superior da cachoeira de Porto Vit\u00f3ria na tarde deste s\u00e1bado (29). As buscas tiveram in\u00edcio imediatamente ap\u00f3s o chamado, e o corpo foi localizado pelos bombeiros por volta das\u00a020 horas. Ap\u00f3s a retirada da \u00e1gua, o corpo foi encaminhado ao\u00a0Instituto M\u00e9dico-Legal (IML) de [&hellip;]<\/p>\n","protected":false},"author":2,"featured_media":45161,"comment_status":"open","ping_status":"open","sticky":false,"template":"","format":"standard","meta":{"footnotes":""},"categories":[185],"tags":[172],"class_list":["post-45159","post","type-post","status-publish","format-standard","has-post-thumbnail","hentry","category-regional","tag-featured"],"amp_enabled":true,"_links":{"self":[{"href":"https:\/\/radiostudiow.com.br\/site\/wp-json\/wp\/v2\/posts\/45159","targetHints":{"allow":["GET"]}}],"collection":[{"href":"https:\/\/radiostudiow.com.br\/site\/wp-json\/wp\/v2\/posts"}],"about":[{"href":"https:\/\/radiostudiow.com.br\/site\/wp-json\/wp\/v2\/types\/post"}],"author":[{"embeddable":true,"href":"https:\/\/radiostudiow.com.br\/site\/wp-json\/wp\/v2\/users\/2"}],"replies":[{"embeddable":true,"href":"https:\/\/radiostudiow.com.br\/site\/wp-json\/wp\/v2\/comments?post=45159"}],"version-history":[{"count":1,"href":"https:\/\/radiostudiow.com.br\/site\/wp-json\/wp\/v2\/posts\/45159\/revisions"}],"predecessor-version":[{"id":45162,"href":"https:\/\/radiostudiow.com.br\/site\/wp-json\/wp\/v2\/posts\/45159\/revisions\/45162"}],"wp:featuredmedia":[{"embeddable":true,"href":"https:\/\/radiostudiow.com.br\/site\/wp-json\/wp\/v2\/media\/45161"}],"wp:attachment":[{"href":"https:\/\/radiostudiow.com.br\/site\/wp-json\/wp\/v2\/media?parent=45159"}],"wp:term":[{"taxonomy":"category","embeddable":true,"href":"https:\/\/radiostudiow.com.br\/site\/wp-json\/wp\/v2\/categories?post=45159"},{"taxonomy":"post_tag","embeddable":true,"href":"https:\/\/radiostudiow.com.br\/site\/wp-json\/wp\/v2\/tags?post=45159"}],"curies":[{"name":"wp","href":"https:\/\/api.w.org\/{rel}","templated":true}]}}