{"id":45163,"date":"2025-12-01T10:59:44","date_gmt":"2025-12-01T13:59:44","guid":{"rendered":"https:\/\/radiostudiow.com.br\/site\/?p=45163"},"modified":"2025-12-01T10:59:45","modified_gmt":"2025-12-01T13:59:45","slug":"mulher-mata-homem-a-golpes-de-facao-em-uniao-da-vitoria","status":"publish","type":"post","link":"https:\/\/radiostudiow.com.br\/site\/2025\/12\/01\/mulher-mata-homem-a-golpes-de-facao-em-uniao-da-vitoria\/","title":{"rendered":"Mulher mata homem \u00e0 golpes de fac\u00e3o em Uni\u00e3o da Vit\u00f3ria"},"content":{"rendered":"\n<figure class=\"wp-block-image size-full\"><img loading=\"lazy\" decoding=\"async\" width=\"897\" height=\"204\" src=\"https:\/\/radiostudiow.com.br\/site\/wp-content\/uploads\/2025\/05\/NUTRI-MALLET.png\" alt=\"\" class=\"wp-image-37813\" srcset=\"https:\/\/radiostudiow.com.br\/site\/wp-content\/uploads\/2025\/05\/NUTRI-MALLET.png 897w, https:\/\/radiostudiow.com.br\/site\/wp-content\/uploads\/2025\/05\/NUTRI-MALLET-300x68.png 300w, https:\/\/radiostudiow.com.br\/site\/wp-content\/uploads\/2025\/05\/NUTRI-MALLET-768x175.png 768w\" sizes=\"auto, (max-width: 897px) 100vw, 897px\" \/><\/figure>\n\n\n\n<p>Um homem foi morto \u00e0 golpes de fac\u00e3o por uma mulher na rua Azin Domingos, no bairro S\u00e3o Sebasti\u00e3o, em Uni\u00e3o da Vit\u00f3ria  por volta da 01h30min da madrugada desta segunda-feira (01\u00b0 de dezembro).<\/p>\n\n\n\n<p>Segundo informa\u00e7\u00f5es, a mulher alegou ter agido em legitima defesa. Ela relatou que o homem se tratava do ex-convivente de sua m\u00e3e, o qual foi at\u00e9 o local e estava agredir sua genitora, fazendo com que ela reagisse para defende-l\u00e1.<\/p>\n\n\n\n<figure class=\"wp-block-image size-full\"><img loading=\"lazy\" decoding=\"async\" width=\"300\" height=\"180\" src=\"https:\/\/radiostudiow.com.br\/site\/wp-content\/uploads\/2025\/05\/SITE-PEQUENO.jpg\" alt=\"\" class=\"wp-image-38684\"\/><\/figure>\n\n\n\n<p>A mulher de posse de um fac\u00e3o desferiu golpes contra o homem que morreu ainda no local.<\/p>\n\n\n\n<p>O corpo foi recolhido pelo Instituto M\u00e9dico Legal \u2013 IML e a mulher foi conduzida at\u00e9 a delegacia para esclarecimentos.<a href=\"https:\/\/www.facebook.com\/sharer.php?u=https%3A%2F%2Fcanal4.tv.br%2F2025%2F12%2F01%2Fmulher-mata-homem-a-golpes-de-facao-em-uniao-da-vitoria%2F%3Ffbclid%3DIwY2xjawOaezlleHRuA2FlbQIxMQBzcnRjBmFwcF9pZBAyMjIwMzkxNzg4MjAwODkyAAEeIbf8rYyQXAFMSVPr6Hu72HxxFQn31tPCoZMVXz6W4K5Vp84qDA4KX29jgZ8_aem_MftcjGz6JkS-Tua2OVrqpA\" target=\"_blank\" rel=\"noreferrer noopener\"><\/a><\/p>\n\n\n\n<p class=\"has-text-align-center\"><em><strong>Da reda\u00e7\u00e3o Canal4<\/strong><\/em><a href=\"https:\/\/web.whatsapp.com\/send?text=Mulher%20mata%20homem%20%C3%A0%20golpes%20de%20fac%C3%A3o%20em%20Uni%C3%A3o%20da%20Vit%C3%B3ria%20%E2%98%9B%20https%3A%2F%2Fcanal4.tv.br%2F2025%2F12%2F01%2Fmulher-mata-homem-a-golpes-de-facao-em-uniao-da-vitoria%2F%3Ffbclid%3DIwY2xjawOaezlleHRuA2FlbQIxMQBzcnRjBmFwcF9pZBAyMjIwMzkxNzg4MjAwODkyAAEeIbf8rYyQXAFMSVPr6Hu72HxxFQn31tPCoZMVXz6W4K5Vp84qDA4KX29jgZ8_aem_MftcjGz6JkS-Tua2OVrqpA\" target=\"_blank\" rel=\"noreferrer noopener\"><\/a><\/p>\n\n\n\n<p><a href=\"javascript:void(0);\"><\/a><\/p>\n","protected":false},"excerpt":{"rendered":"<p>Um homem foi morto \u00e0 golpes de fac\u00e3o por uma mulher na rua Azin Domingos, no bairro S\u00e3o Sebasti\u00e3o, em Uni\u00e3o da Vit\u00f3ria por volta da 01h30min da madrugada desta segunda-feira (01\u00b0 de dezembro). Segundo informa\u00e7\u00f5es, a mulher alegou ter agido em legitima defesa. Ela relatou que o homem se tratava do ex-convivente de sua [&hellip;]<\/p>\n","protected":false},"author":2,"featured_media":13676,"comment_status":"open","ping_status":"open","sticky":false,"template":"","format":"standard","meta":{"footnotes":""},"categories":[2],"tags":[172],"class_list":["post-45163","post","type-post","status-publish","format-standard","has-post-thumbnail","hentry","category-policial","tag-featured"],"amp_enabled":true,"_links":{"self":[{"href":"https:\/\/radiostudiow.com.br\/site\/wp-json\/wp\/v2\/posts\/45163","targetHints":{"allow":["GET"]}}],"collection":[{"href":"https:\/\/radiostudiow.com.br\/site\/wp-json\/wp\/v2\/posts"}],"about":[{"href":"https:\/\/radiostudiow.com.br\/site\/wp-json\/wp\/v2\/types\/post"}],"author":[{"embeddable":true,"href":"https:\/\/radiostudiow.com.br\/site\/wp-json\/wp\/v2\/users\/2"}],"replies":[{"embeddable":true,"href":"https:\/\/radiostudiow.com.br\/site\/wp-json\/wp\/v2\/comments?post=45163"}],"version-history":[{"count":1,"href":"https:\/\/radiostudiow.com.br\/site\/wp-json\/wp\/v2\/posts\/45163\/revisions"}],"predecessor-version":[{"id":45164,"href":"https:\/\/radiostudiow.com.br\/site\/wp-json\/wp\/v2\/posts\/45163\/revisions\/45164"}],"wp:featuredmedia":[{"embeddable":true,"href":"https:\/\/radiostudiow.com.br\/site\/wp-json\/wp\/v2\/media\/13676"}],"wp:attachment":[{"href":"https:\/\/radiostudiow.com.br\/site\/wp-json\/wp\/v2\/media?parent=45163"}],"wp:term":[{"taxonomy":"category","embeddable":true,"href":"https:\/\/radiostudiow.com.br\/site\/wp-json\/wp\/v2\/categories?post=45163"},{"taxonomy":"post_tag","embeddable":true,"href":"https:\/\/radiostudiow.com.br\/site\/wp-json\/wp\/v2\/tags?post=45163"}],"curies":[{"name":"wp","href":"https:\/\/api.w.org\/{rel}","templated":true}]}}