{"id":45165,"date":"2025-12-01T11:11:08","date_gmt":"2025-12-01T14:11:08","guid":{"rendered":"https:\/\/radiostudiow.com.br\/site\/?p=45165"},"modified":"2025-12-01T11:11:09","modified_gmt":"2025-12-01T14:11:09","slug":"jovem-de-21-anos-morreu-em-grave-acidente-em-porto-vitoria","status":"publish","type":"post","link":"https:\/\/radiostudiow.com.br\/site\/2025\/12\/01\/jovem-de-21-anos-morreu-em-grave-acidente-em-porto-vitoria\/","title":{"rendered":"Jovem de 21 anos morreu em grave acidente em Porto Vit\u00f3ria"},"content":{"rendered":"\n<figure class=\"wp-block-image size-full\"><img loading=\"lazy\" decoding=\"async\" width=\"897\" height=\"204\" src=\"https:\/\/radiostudiow.com.br\/site\/wp-content\/uploads\/2025\/03\/BARAO-NOVO-NOTICIAS-1.jpg\" alt=\"\" class=\"wp-image-35084\" srcset=\"https:\/\/radiostudiow.com.br\/site\/wp-content\/uploads\/2025\/03\/BARAO-NOVO-NOTICIAS-1.jpg 897w, https:\/\/radiostudiow.com.br\/site\/wp-content\/uploads\/2025\/03\/BARAO-NOVO-NOTICIAS-1-300x68.jpg 300w, https:\/\/radiostudiow.com.br\/site\/wp-content\/uploads\/2025\/03\/BARAO-NOVO-NOTICIAS-1-768x175.jpg 768w\" sizes=\"auto, (max-width: 897px) 100vw, 897px\" \/><\/figure>\n\n\n\n<p>Um jovem identificado como Erick Willian Ressel de 21 anos de idade, perdeu a vida em decorr\u00eancia de um grave acidente registrado na Avenida Reinaldo Gaebler no centro de Porto Vit\u00f3ria por volta das 16h30min da tarde desse domingo (30).<\/p>\n\n\n\n<p>Erick pilotava uma motocicleta Honda\/NXR150 Bross de cor vermelha que colidiu contra um ve\u00edculo Fiat\/Toro de cor branca.<\/p>\n\n\n\n<p>Ap\u00f3s o acidente, o jovem chegou a ser socorrido e encaminhado ao hospital Regional de Uni\u00e3o da Vit\u00f3ria, no entanto, n\u00e3o resistiu e foi a \u00f3bito.<a href=\"https:\/\/www.facebook.com\/sharer.php?u=https%3A%2F%2Fcanal4.tv.br%2F2025%2F12%2F01%2Fjovem-de-21-anos-morreu-em-grave-acidente-em-porto-vitoria%2F%3Ffbclid%3DIwY2xjawOaezdleHRuA2FlbQIxMQBicmlkETFKZ2t5Q0NJdVprNmNpOG5lc3J0YwZhcHBfaWQQMjIyMDM5MTc4ODIwMDg5MgABHlWFhf3HxurLhlG3VbpxL-vj0iu1hN2sjaCdiFMxNtCllzO8vQF8AefG4TKH_aem__ybtzrFbenA6WhNf9G7Agg\" target=\"_blank\" rel=\"noreferrer noopener\"><\/a><\/p>\n\n\n\n<figure class=\"wp-block-image size-full\"><img loading=\"lazy\" decoding=\"async\" width=\"300\" height=\"180\" src=\"https:\/\/radiostudiow.com.br\/site\/wp-content\/uploads\/2025\/04\/AGRODU.png\" alt=\"\" class=\"wp-image-37219\"\/><\/figure>\n\n\n\n<p><a href=\"https:\/\/web.whatsapp.com\/send?text=Jovem%20de%2021%20anos%20morreu%20em%20grave%20acidente%20em%20Porto%20Vit%C3%B3ria%20%E2%98%9B%20https%3A%2F%2Fcanal4.tv.br%2F2025%2F12%2F01%2Fjovem-de-21-anos-morreu-em-grave-acidente-em-porto-vitoria%2F%3Ffbclid%3DIwY2xjawOaezdleHRuA2FlbQIxMQBicmlkETFKZ2t5Q0NJdVprNmNpOG5lc3J0YwZhcHBfaWQQMjIyMDM5MTc4ODIwMDg5MgABHlWFhf3HxurLhlG3VbpxL-vj0iu1hN2sjaCdiFMxNtCllzO8vQF8AefG4TKH_aem__ybtzrFbenA6WhNf9G7Agg\" target=\"_blank\" rel=\"noreferrer noopener\"><\/a><\/p>\n\n\n\n<figure class=\"wp-block-image size-full\"><img loading=\"lazy\" decoding=\"async\" width=\"500\" height=\"373\" src=\"https:\/\/radiostudiow.com.br\/site\/wp-content\/uploads\/2025\/12\/image-6.png\" alt=\"\" class=\"wp-image-45167\" srcset=\"https:\/\/radiostudiow.com.br\/site\/wp-content\/uploads\/2025\/12\/image-6.png 500w, https:\/\/radiostudiow.com.br\/site\/wp-content\/uploads\/2025\/12\/image-6-300x224.png 300w\" sizes=\"auto, (max-width: 500px) 100vw, 500px\" \/><\/figure>\n\n\n\n<p><a href=\"javascript:void(0);\"><\/a><\/p>\n","protected":false},"excerpt":{"rendered":"<p>Um jovem identificado como Erick Willian Ressel de 21 anos de idade, perdeu a vida em decorr\u00eancia de um grave acidente registrado na Avenida Reinaldo Gaebler no centro de Porto Vit\u00f3ria por volta das 16h30min da tarde desse domingo (30). Erick pilotava uma motocicleta Honda\/NXR150 Bross de cor vermelha que colidiu contra um ve\u00edculo Fiat\/Toro [&hellip;]<\/p>\n","protected":false},"author":2,"featured_media":45166,"comment_status":"open","ping_status":"open","sticky":false,"template":"","format":"standard","meta":{"footnotes":""},"categories":[185],"tags":[172],"class_list":["post-45165","post","type-post","status-publish","format-standard","has-post-thumbnail","hentry","category-regional","tag-featured"],"amp_enabled":true,"_links":{"self":[{"href":"https:\/\/radiostudiow.com.br\/site\/wp-json\/wp\/v2\/posts\/45165","targetHints":{"allow":["GET"]}}],"collection":[{"href":"https:\/\/radiostudiow.com.br\/site\/wp-json\/wp\/v2\/posts"}],"about":[{"href":"https:\/\/radiostudiow.com.br\/site\/wp-json\/wp\/v2\/types\/post"}],"author":[{"embeddable":true,"href":"https:\/\/radiostudiow.com.br\/site\/wp-json\/wp\/v2\/users\/2"}],"replies":[{"embeddable":true,"href":"https:\/\/radiostudiow.com.br\/site\/wp-json\/wp\/v2\/comments?post=45165"}],"version-history":[{"count":2,"href":"https:\/\/radiostudiow.com.br\/site\/wp-json\/wp\/v2\/posts\/45165\/revisions"}],"predecessor-version":[{"id":45169,"href":"https:\/\/radiostudiow.com.br\/site\/wp-json\/wp\/v2\/posts\/45165\/revisions\/45169"}],"wp:featuredmedia":[{"embeddable":true,"href":"https:\/\/radiostudiow.com.br\/site\/wp-json\/wp\/v2\/media\/45166"}],"wp:attachment":[{"href":"https:\/\/radiostudiow.com.br\/site\/wp-json\/wp\/v2\/media?parent=45165"}],"wp:term":[{"taxonomy":"category","embeddable":true,"href":"https:\/\/radiostudiow.com.br\/site\/wp-json\/wp\/v2\/categories?post=45165"},{"taxonomy":"post_tag","embeddable":true,"href":"https:\/\/radiostudiow.com.br\/site\/wp-json\/wp\/v2\/tags?post=45165"}],"curies":[{"name":"wp","href":"https:\/\/api.w.org\/{rel}","templated":true}]}}