{"id":45171,"date":"2025-12-01T11:16:03","date_gmt":"2025-12-01T14:16:03","guid":{"rendered":"https:\/\/radiostudiow.com.br\/site\/?p=45171"},"modified":"2025-12-01T11:16:03","modified_gmt":"2025-12-01T14:16:03","slug":"policia-militar-apreende-armas-de-fogo-e-municoes-em-cruz-machado","status":"publish","type":"post","link":"https:\/\/radiostudiow.com.br\/site\/2025\/12\/01\/policia-militar-apreende-armas-de-fogo-e-municoes-em-cruz-machado\/","title":{"rendered":"Pol\u00edcia Militar apreende armas de fogo e muni\u00e7\u00f5es em Cruz Machado"},"content":{"rendered":"\n<figure class=\"wp-block-image size-full\"><img loading=\"lazy\" decoding=\"async\" width=\"598\" height=\"204\" src=\"https:\/\/radiostudiow.com.br\/site\/wp-content\/uploads\/2025\/04\/BOROX.png\" alt=\"\" class=\"wp-image-37229\" srcset=\"https:\/\/radiostudiow.com.br\/site\/wp-content\/uploads\/2025\/04\/BOROX.png 598w, https:\/\/radiostudiow.com.br\/site\/wp-content\/uploads\/2025\/04\/BOROX-300x102.png 300w\" sizes=\"auto, (max-width: 598px) 100vw, 598px\" \/><\/figure>\n\n\n\n<p>A equipe da Pol\u00edcia Militar de Cruz Machado recebeu den\u00fancias relatando com\u00e9rcio de armas de fogo assim como posse ilegal de arma de fogo na Rua Vicente Otto por volta das 17 horas desse s\u00e1bado (29).<\/p>\n\n\n\n<p>A equipe policial identificou 02 homens suspeitos, ambos foram presos pelo crime de posse irregular de arma de fogo sendo tamb\u00e9m 01 homem preso pelo crime de porte irregular de arma de fogo.<\/p>\n\n\n\n<p>A a\u00e7\u00e3o resultou na apreens\u00e3o de: 01 espingarda cal.36, 01 espingarda cal.32, 01 rev\u00f3lver<br>cal.32, 01 rev\u00f3lver de fabrica\u00e7\u00e3o artesanal cal.22 e 43 muni\u00e7\u00f5es diversas.<\/p>\n","protected":false},"excerpt":{"rendered":"<p>A equipe da Pol\u00edcia Militar de Cruz Machado recebeu den\u00fancias relatando com\u00e9rcio de armas de fogo assim como posse ilegal de arma de fogo na Rua Vicente Otto por volta das 17 horas desse s\u00e1bado (29). A equipe policial identificou 02 homens suspeitos, ambos foram presos pelo crime de posse irregular de arma de fogo [&hellip;]<\/p>\n","protected":false},"author":2,"featured_media":45172,"comment_status":"open","ping_status":"open","sticky":false,"template":"","format":"standard","meta":{"footnotes":""},"categories":[2],"tags":[172],"class_list":["post-45171","post","type-post","status-publish","format-standard","has-post-thumbnail","hentry","category-policial","tag-featured"],"amp_enabled":true,"_links":{"self":[{"href":"https:\/\/radiostudiow.com.br\/site\/wp-json\/wp\/v2\/posts\/45171","targetHints":{"allow":["GET"]}}],"collection":[{"href":"https:\/\/radiostudiow.com.br\/site\/wp-json\/wp\/v2\/posts"}],"about":[{"href":"https:\/\/radiostudiow.com.br\/site\/wp-json\/wp\/v2\/types\/post"}],"author":[{"embeddable":true,"href":"https:\/\/radiostudiow.com.br\/site\/wp-json\/wp\/v2\/users\/2"}],"replies":[{"embeddable":true,"href":"https:\/\/radiostudiow.com.br\/site\/wp-json\/wp\/v2\/comments?post=45171"}],"version-history":[{"count":1,"href":"https:\/\/radiostudiow.com.br\/site\/wp-json\/wp\/v2\/posts\/45171\/revisions"}],"predecessor-version":[{"id":45173,"href":"https:\/\/radiostudiow.com.br\/site\/wp-json\/wp\/v2\/posts\/45171\/revisions\/45173"}],"wp:featuredmedia":[{"embeddable":true,"href":"https:\/\/radiostudiow.com.br\/site\/wp-json\/wp\/v2\/media\/45172"}],"wp:attachment":[{"href":"https:\/\/radiostudiow.com.br\/site\/wp-json\/wp\/v2\/media?parent=45171"}],"wp:term":[{"taxonomy":"category","embeddable":true,"href":"https:\/\/radiostudiow.com.br\/site\/wp-json\/wp\/v2\/categories?post=45171"},{"taxonomy":"post_tag","embeddable":true,"href":"https:\/\/radiostudiow.com.br\/site\/wp-json\/wp\/v2\/tags?post=45171"}],"curies":[{"name":"wp","href":"https:\/\/api.w.org\/{rel}","templated":true}]}}