{"id":45176,"date":"2025-12-01T17:19:02","date_gmt":"2025-12-01T20:19:02","guid":{"rendered":"https:\/\/radiostudiow.com.br\/site\/?p=45176"},"modified":"2025-12-01T17:19:02","modified_gmt":"2025-12-01T20:19:02","slug":"natal-encantado-2025-programacao-oficial","status":"publish","type":"post","link":"https:\/\/radiostudiow.com.br\/site\/2025\/12\/01\/natal-encantado-2025-programacao-oficial\/","title":{"rendered":"Natal Encantado 2025 \u2013 Programa\u00e7\u00e3o Oficial!\u00a0"},"content":{"rendered":"\n<figure class=\"wp-block-image size-full\"><img loading=\"lazy\" decoding=\"async\" width=\"897\" height=\"204\" src=\"https:\/\/radiostudiow.com.br\/site\/wp-content\/uploads\/2025\/01\/SITE-GRANDE4.png\" alt=\"\" class=\"wp-image-32888\" srcset=\"https:\/\/radiostudiow.com.br\/site\/wp-content\/uploads\/2025\/01\/SITE-GRANDE4.png 897w, https:\/\/radiostudiow.com.br\/site\/wp-content\/uploads\/2025\/01\/SITE-GRANDE4-300x68.png 300w, https:\/\/radiostudiow.com.br\/site\/wp-content\/uploads\/2025\/01\/SITE-GRANDE4-768x175.png 768w\" sizes=\"auto, (max-width: 897px) 100vw, 897px\" \/><\/figure>\n\n\n\n<p>De 8 a 21 de dezembro, Rio Azul viver\u00e1 dias de magia e celebra\u00e7\u00e3o!<\/p>\n\n\n\n<p>A Feirinha Natalina acontecer\u00e1 todas as noites a partir das 18h,<br>e as apresenta\u00e7\u00f5es iniciar\u00e3o \u00e0s 19h30, trazendo o encanto das escolas, grupos culturais e atra\u00e7\u00f5es especiais!<\/p>\n\n\n\n<p>Venha participar desse momento especial preparado com muito carinho!&nbsp;<\/p>\n\n\n\n<p><a href=\"https:\/\/www.facebook.com\/hashtag\/natalencantado2025?__eep__=6&amp;__cft__[0]=AZXPw1tYQCQRiKOdkaESoDWiTeBf4rVEw8qIBtjYrbj3dPbkxXpsJOaGwdMsYLMTY-AhT-I8JmEF-ppAx2DwU0hZDNPEA1XeLLaJ53g8G8X-mSvXRXmr-GsF-280V2ZYGH6QDnRdy5VATSje5OeUb3oMZGJugeh-mioXB3CyqKYeoSlal8GHzOlvPK038JYmLWbuCDeOFfvmfpc2xNCk9eYY&amp;__tn__=*NK*F\">#NatalEncantado2025<\/a><a href=\"https:\/\/www.facebook.com\/hashtag\/rioazul?__eep__=6&amp;__cft__[0]=AZXPw1tYQCQRiKOdkaESoDWiTeBf4rVEw8qIBtjYrbj3dPbkxXpsJOaGwdMsYLMTY-AhT-I8JmEF-ppAx2DwU0hZDNPEA1XeLLaJ53g8G8X-mSvXRXmr-GsF-280V2ZYGH6QDnRdy5VATSje5OeUb3oMZGJugeh-mioXB3CyqKYeoSlal8GHzOlvPK038JYmLWbuCDeOFfvmfpc2xNCk9eYY&amp;__tn__=*NK*F\">#RioAzul<\/a><a href=\"https:\/\/www.facebook.com\/hashtag\/cultura?__eep__=6&amp;__cft__[0]=AZXPw1tYQCQRiKOdkaESoDWiTeBf4rVEw8qIBtjYrbj3dPbkxXpsJOaGwdMsYLMTY-AhT-I8JmEF-ppAx2DwU0hZDNPEA1XeLLaJ53g8G8X-mSvXRXmr-GsF-280V2ZYGH6QDnRdy5VATSje5OeUb3oMZGJugeh-mioXB3CyqKYeoSlal8GHzOlvPK038JYmLWbuCDeOFfvmfpc2xNCk9eYY&amp;__tn__=*NK*F\">#Cultura<\/a><a href=\"https:\/\/www.facebook.com\/hashtag\/educa%C3%A7%C3%A3o?__eep__=6&amp;__cft__[0]=AZXPw1tYQCQRiKOdkaESoDWiTeBf4rVEw8qIBtjYrbj3dPbkxXpsJOaGwdMsYLMTY-AhT-I8JmEF-ppAx2DwU0hZDNPEA1XeLLaJ53g8G8X-mSvXRXmr-GsF-280V2ZYGH6QDnRdy5VATSje5OeUb3oMZGJugeh-mioXB3CyqKYeoSlal8GHzOlvPK038JYmLWbuCDeOFfvmfpc2xNCk9eYY&amp;__tn__=*NK*F\">#Educa\u00e7\u00e3o<\/a><a href=\"https:\/\/www.facebook.com\/hashtag\/natal?__eep__=6&amp;__cft__[0]=AZXPw1tYQCQRiKOdkaESoDWiTeBf4rVEw8qIBtjYrbj3dPbkxXpsJOaGwdMsYLMTY-AhT-I8JmEF-ppAx2DwU0hZDNPEA1XeLLaJ53g8G8X-mSvXRXmr-GsF-280V2ZYGH6QDnRdy5VATSje5OeUb3oMZGJugeh-mioXB3CyqKYeoSlal8GHzOlvPK038JYmLWbuCDeOFfvmfpc2xNCk9eYY&amp;__tn__=*NK*F\">#Natal<\/a><a href=\"https:\/\/www.facebook.com\/hashtag\/programa%C3%A7%C3%A3oespecial?__eep__=6&amp;__cft__[0]=AZXPw1tYQCQRiKOdkaESoDWiTeBf4rVEw8qIBtjYrbj3dPbkxXpsJOaGwdMsYLMTY-AhT-I8JmEF-ppAx2DwU0hZDNPEA1XeLLaJ53g8G8X-mSvXRXmr-GsF-280V2ZYGH6QDnRdy5VATSje5OeUb3oMZGJugeh-mioXB3CyqKYeoSlal8GHzOlvPK038JYmLWbuCDeOFfvmfpc2xNCk9eYY&amp;__tn__=*NK*F\">#Programa\u00e7\u00e3oEspecial<\/a><\/p>\n\n\n\n<figure class=\"wp-block-image size-large\"><img decoding=\"async\" src=\"https:\/\/radiostudiow.com.br\/site\/wp-content\/uploads\/2025\/12\/image-7-819x1024.png\" alt=\"\" class=\"wp-image-45177\"\/><\/figure>\n","protected":false},"excerpt":{"rendered":"<p>De 8 a 21 de dezembro, Rio Azul viver\u00e1 dias de magia e celebra\u00e7\u00e3o! A Feirinha Natalina acontecer\u00e1 todas as noites a partir das 18h,e as apresenta\u00e7\u00f5es iniciar\u00e3o \u00e0s 19h30, trazendo o encanto das escolas, grupos culturais e atra\u00e7\u00f5es especiais! Venha participar desse momento especial preparado com muito carinho!&nbsp; #NatalEncantado2025#RioAzul#Cultura#Educa\u00e7\u00e3o#Natal#Programa\u00e7\u00e3oEspecial<\/p>\n","protected":false},"author":2,"featured_media":30302,"comment_status":"open","ping_status":"open","sticky":false,"template":"","format":"standard","meta":{"footnotes":""},"categories":[185],"tags":[172],"class_list":["post-45176","post","type-post","status-publish","format-standard","has-post-thumbnail","hentry","category-regional","tag-featured"],"amp_enabled":true,"_links":{"self":[{"href":"https:\/\/radiostudiow.com.br\/site\/wp-json\/wp\/v2\/posts\/45176","targetHints":{"allow":["GET"]}}],"collection":[{"href":"https:\/\/radiostudiow.com.br\/site\/wp-json\/wp\/v2\/posts"}],"about":[{"href":"https:\/\/radiostudiow.com.br\/site\/wp-json\/wp\/v2\/types\/post"}],"author":[{"embeddable":true,"href":"https:\/\/radiostudiow.com.br\/site\/wp-json\/wp\/v2\/users\/2"}],"replies":[{"embeddable":true,"href":"https:\/\/radiostudiow.com.br\/site\/wp-json\/wp\/v2\/comments?post=45176"}],"version-history":[{"count":1,"href":"https:\/\/radiostudiow.com.br\/site\/wp-json\/wp\/v2\/posts\/45176\/revisions"}],"predecessor-version":[{"id":45178,"href":"https:\/\/radiostudiow.com.br\/site\/wp-json\/wp\/v2\/posts\/45176\/revisions\/45178"}],"wp:featuredmedia":[{"embeddable":true,"href":"https:\/\/radiostudiow.com.br\/site\/wp-json\/wp\/v2\/media\/30302"}],"wp:attachment":[{"href":"https:\/\/radiostudiow.com.br\/site\/wp-json\/wp\/v2\/media?parent=45176"}],"wp:term":[{"taxonomy":"category","embeddable":true,"href":"https:\/\/radiostudiow.com.br\/site\/wp-json\/wp\/v2\/categories?post=45176"},{"taxonomy":"post_tag","embeddable":true,"href":"https:\/\/radiostudiow.com.br\/site\/wp-json\/wp\/v2\/tags?post=45176"}],"curies":[{"name":"wp","href":"https:\/\/api.w.org\/{rel}","templated":true}]}}