{"id":45179,"date":"2025-12-01T17:26:55","date_gmt":"2025-12-01T20:26:55","guid":{"rendered":"https:\/\/radiostudiow.com.br\/site\/?p=45179"},"modified":"2025-12-01T17:26:56","modified_gmt":"2025-12-01T20:26:56","slug":"jovem-de-ivai-fernando-rodrigues-23-anos-e-morto-a-tiros-em-imbituva","status":"publish","type":"post","link":"https:\/\/radiostudiow.com.br\/site\/2025\/12\/01\/jovem-de-ivai-fernando-rodrigues-23-anos-e-morto-a-tiros-em-imbituva\/","title":{"rendered":"Jovem de Iva\u00ed, Fernando Rodrigues, 23 anos, \u00e9 morto a tiros em Imbituva"},"content":{"rendered":"\n<figure class=\"wp-block-image size-full\"><img loading=\"lazy\" decoding=\"async\" width=\"494\" height=\"285\" src=\"https:\/\/radiostudiow.com.br\/site\/wp-content\/uploads\/2025\/11\/sobanski-arte.jpg\" alt=\"\" class=\"wp-image-44763\" srcset=\"https:\/\/radiostudiow.com.br\/site\/wp-content\/uploads\/2025\/11\/sobanski-arte.jpg 494w, https:\/\/radiostudiow.com.br\/site\/wp-content\/uploads\/2025\/11\/sobanski-arte-300x173.jpg 300w\" sizes=\"auto, (max-width: 494px) 100vw, 494px\" \/><\/figure>\n\n\n\n<p>Um jovem identificado como Fernando Rodrigues, 23 anos, foi morto a tiros na Rua Luiz Afonso Beltr\u00e3o, no Bairro Tangar\u00e1, em Imbituva por volta das 22h30min desta domingo (30). A Pol\u00edcia Militar foi acionada ap\u00f3s den\u00fancias de disparo de arma de fogo na regi\u00e3o.<\/p>\n\n\n\n<p>Ao chegarem ao local, os policiais encontraram a v\u00edtima ca\u00edda e, durante as buscas, localizaram o autor, que confessou ter cometido o crime. Ele relatou possuir antigas desaven\u00e7as com a v\u00edtima e afirmou que, ap\u00f3s uma discuss\u00e3o, realizou os disparos utilizando uma espingarda.<\/p>\n\n\n\n<p>Durante a a\u00e7\u00e3o policial, foram apreendidos uma espingarda calibre .32 e 12 cartuchos. O suspeito foi encaminhado \u00e0 Delegacia de Irati para os procedimentos legais cab\u00edveis. Equipes da Pol\u00edcia Civil, Criminal\u00edstica e IML tamb\u00e9m estiveram no local para as dilig\u00eancias necess\u00e1rias.<\/p>\n\n\n\n<figure class=\"wp-block-image size-full\"><img loading=\"lazy\" decoding=\"async\" width=\"897\" height=\"204\" src=\"https:\/\/radiostudiow.com.br\/site\/wp-content\/uploads\/2025\/03\/image-62.png\" alt=\"\" class=\"wp-image-35859\" srcset=\"https:\/\/radiostudiow.com.br\/site\/wp-content\/uploads\/2025\/03\/image-62.png 897w, https:\/\/radiostudiow.com.br\/site\/wp-content\/uploads\/2025\/03\/image-62-300x68.png 300w, https:\/\/radiostudiow.com.br\/site\/wp-content\/uploads\/2025\/03\/image-62-768x175.png 768w\" sizes=\"auto, (max-width: 897px) 100vw, 897px\" \/><\/figure>\n\n\n\n<p>A v\u00edtima foi identificada como Fernando Rodrigues, nascido em 18 de julho de 2002. Natural de Iva\u00ed e atualmente residindo em Imbituva, Fernando deixa um filho, al\u00e9m dos pais, irm\u00e3os e av\u00f3s.<\/p>\n\n\n\n<p>O corpo segue no Instituto M\u00e9dico-Legal (IML) de Ponta Grossa e, assim que liberado, ser\u00e1 velado na Capela Mortu\u00e1ria Jo\u00e3o Paulo II, em Iva\u00ed. O sepultamento ocorrer\u00e1 no Cemit\u00e9rio Municipal de Iva\u00ed, nesta ter\u00e7a-feira (02), em hor\u00e1rio a ser definido pelos familiares.<\/p>\n\n\n\n<p>Nossos sentimentos aos familiares e amigos.<\/p>\n\n\n\n<p><em>Informa\u00e7\u00f5es: 8\u00aa CIPM\/Funer\u00e1ria S\u00e3o Lucas \/ Imagem: Funer\u00e1ria S\u00e3o Lucas \/ Mat\u00e9ria: Rep\u00f3rter Kiko de Oliveira<\/em><\/p>\n","protected":false},"excerpt":{"rendered":"<p>Um jovem identificado como Fernando Rodrigues, 23 anos, foi morto a tiros na Rua Luiz Afonso Beltr\u00e3o, no Bairro Tangar\u00e1, em Imbituva por volta das 22h30min desta domingo (30). A Pol\u00edcia Militar foi acionada ap\u00f3s den\u00fancias de disparo de arma de fogo na regi\u00e3o. Ao chegarem ao local, os policiais encontraram a v\u00edtima ca\u00edda e, [&hellip;]<\/p>\n","protected":false},"author":2,"featured_media":45180,"comment_status":"open","ping_status":"open","sticky":false,"template":"","format":"standard","meta":{"footnotes":""},"categories":[2],"tags":[172],"class_list":["post-45179","post","type-post","status-publish","format-standard","has-post-thumbnail","hentry","category-policial","tag-featured"],"amp_enabled":true,"_links":{"self":[{"href":"https:\/\/radiostudiow.com.br\/site\/wp-json\/wp\/v2\/posts\/45179","targetHints":{"allow":["GET"]}}],"collection":[{"href":"https:\/\/radiostudiow.com.br\/site\/wp-json\/wp\/v2\/posts"}],"about":[{"href":"https:\/\/radiostudiow.com.br\/site\/wp-json\/wp\/v2\/types\/post"}],"author":[{"embeddable":true,"href":"https:\/\/radiostudiow.com.br\/site\/wp-json\/wp\/v2\/users\/2"}],"replies":[{"embeddable":true,"href":"https:\/\/radiostudiow.com.br\/site\/wp-json\/wp\/v2\/comments?post=45179"}],"version-history":[{"count":1,"href":"https:\/\/radiostudiow.com.br\/site\/wp-json\/wp\/v2\/posts\/45179\/revisions"}],"predecessor-version":[{"id":45181,"href":"https:\/\/radiostudiow.com.br\/site\/wp-json\/wp\/v2\/posts\/45179\/revisions\/45181"}],"wp:featuredmedia":[{"embeddable":true,"href":"https:\/\/radiostudiow.com.br\/site\/wp-json\/wp\/v2\/media\/45180"}],"wp:attachment":[{"href":"https:\/\/radiostudiow.com.br\/site\/wp-json\/wp\/v2\/media?parent=45179"}],"wp:term":[{"taxonomy":"category","embeddable":true,"href":"https:\/\/radiostudiow.com.br\/site\/wp-json\/wp\/v2\/categories?post=45179"},{"taxonomy":"post_tag","embeddable":true,"href":"https:\/\/radiostudiow.com.br\/site\/wp-json\/wp\/v2\/tags?post=45179"}],"curies":[{"name":"wp","href":"https:\/\/api.w.org\/{rel}","templated":true}]}}