{"id":45193,"date":"2025-12-02T09:48:00","date_gmt":"2025-12-02T12:48:00","guid":{"rendered":"https:\/\/radiostudiow.com.br\/site\/?p=45193"},"modified":"2025-12-02T09:48:01","modified_gmt":"2025-12-02T12:48:01","slug":"atualizacao-carreta-bitrem-tomba-apos-sair-da-pista-na-br-280","status":"publish","type":"post","link":"https:\/\/radiostudiow.com.br\/site\/2025\/12\/02\/atualizacao-carreta-bitrem-tomba-apos-sair-da-pista-na-br-280\/","title":{"rendered":"ATUALIZA\u00c7\u00c3O! Carreta bitrem tomba ap\u00f3s sair da pista na BR-280"},"content":{"rendered":"\n<figure class=\"wp-block-image size-full\"><img loading=\"lazy\" decoding=\"async\" width=\"897\" height=\"204\" src=\"https:\/\/radiostudiow.com.br\/site\/wp-content\/uploads\/2025\/01\/SITE-GRANDE3.png\" alt=\"\" class=\"wp-image-32900\" srcset=\"https:\/\/radiostudiow.com.br\/site\/wp-content\/uploads\/2025\/01\/SITE-GRANDE3.png 897w, https:\/\/radiostudiow.com.br\/site\/wp-content\/uploads\/2025\/01\/SITE-GRANDE3-300x68.png 300w, https:\/\/radiostudiow.com.br\/site\/wp-content\/uploads\/2025\/01\/SITE-GRANDE3-768x175.png 768w\" sizes=\"auto, (max-width: 897px) 100vw, 897px\" \/><\/figure>\n\n\n\n<p>As equipes de atendimento de Canoinhas foram acionadas para atender um acidente de tr\u00e2nsito na BR-280, na localidade de Bonetes, em Canoinhas (SC) por volta das 15h42min desta segunda-feira (1\u00ba).<\/p>\n\n\n\n<p>No local, os socorristas verificaram que uma carreta bitrem carregada com toras de madeira havia tombado no acostamento, deixando parte da composi\u00e7\u00e3o sobre a pista de rolamento. O cavalo mec\u00e2nico Scania R560 foi encontrado cerca de 200 metros \u00e0 frente, j\u00e1 estacionado.<\/p>\n\n\n\n<p>O motorista, de 32 anos, caminhava pela \u00e1rea do acidente quando as equipes chegaram. Ele estava consciente, orientado e sem ferimentos aparentes. Ap\u00f3s receber os procedimentos de APH, recusou encaminhamento ao hospital e permaneceu no local para prestar informa\u00e7\u00f5es \u00e0s autoridades.<\/p>\n\n\n\n<figure class=\"wp-block-image size-full\"><img loading=\"lazy\" decoding=\"async\" width=\"598\" height=\"204\" src=\"https:\/\/radiostudiow.com.br\/site\/wp-content\/uploads\/2024\/01\/SITE-MEDIO.png\" alt=\"\" class=\"wp-image-18916\" srcset=\"https:\/\/radiostudiow.com.br\/site\/wp-content\/uploads\/2024\/01\/SITE-MEDIO.png 598w, https:\/\/radiostudiow.com.br\/site\/wp-content\/uploads\/2024\/01\/SITE-MEDIO-300x102.png 300w\" sizes=\"auto, (max-width: 598px) 100vw, 598px\" \/><\/figure>\n\n\n\n<p>Devido ao grande volume de \u00f3leo diesel derramado, a equipe do ABTR-202 utilizou serragem para conter e absorver o combust\u00edvel espalhado.<\/p>\n\n\n\n<p>Um motorista que trafegava logo atr\u00e1s registrou, em v\u00eddeo, o momento exato em que o bitrem saiu da pista e tombou.<\/p>\n\n\n\n<p>A Pol\u00edcia Rodovi\u00e1ria Federal assumiu a ocorr\u00eancia e deve apurar as causas do acidente.<\/p>\n\n\n\n<p><em>V\u00eddeo abaixo: reprodu\u00e7\u00e3o Tiago Amaral<\/em><\/p>\n\n\n\n<figure class=\"wp-block-video\"><video height=\"1280\" style=\"aspect-ratio: 720 \/ 1280;\" width=\"720\" controls src=\"https:\/\/radiostudiow.com.br\/site\/wp-content\/uploads\/2025\/12\/FDownloader.Net_AQM7huCzZLirwFFy_m-85Dg5pxbWHgGFVKlTG7WZi4tz4OSS5i3Wy-3K-ySOzN6MYsQNVLFgur1vIqbW_XavTx3yijhr2RDT7To7Ldw_720p_HD.mp4\"><\/video><\/figure>\n\n\n\n<p class=\"has-text-align-center\"><strong><em>Fonte mat\u00e9ria: V.Vale<\/em><\/strong><\/p>\n\n\n\n<p><\/p>\n","protected":false},"excerpt":{"rendered":"<p>As equipes de atendimento de Canoinhas foram acionadas para atender um acidente de tr\u00e2nsito na BR-280, na localidade de Bonetes, em Canoinhas (SC) por volta das 15h42min desta segunda-feira (1\u00ba). No local, os socorristas verificaram que uma carreta bitrem carregada com toras de madeira havia tombado no acostamento, deixando parte da composi\u00e7\u00e3o sobre a pista [&hellip;]<\/p>\n","protected":false},"author":2,"featured_media":45195,"comment_status":"open","ping_status":"open","sticky":false,"template":"","format":"standard","meta":{"footnotes":""},"categories":[185],"tags":[172],"class_list":["post-45193","post","type-post","status-publish","format-standard","has-post-thumbnail","hentry","category-regional","tag-featured"],"amp_enabled":true,"_links":{"self":[{"href":"https:\/\/radiostudiow.com.br\/site\/wp-json\/wp\/v2\/posts\/45193","targetHints":{"allow":["GET"]}}],"collection":[{"href":"https:\/\/radiostudiow.com.br\/site\/wp-json\/wp\/v2\/posts"}],"about":[{"href":"https:\/\/radiostudiow.com.br\/site\/wp-json\/wp\/v2\/types\/post"}],"author":[{"embeddable":true,"href":"https:\/\/radiostudiow.com.br\/site\/wp-json\/wp\/v2\/users\/2"}],"replies":[{"embeddable":true,"href":"https:\/\/radiostudiow.com.br\/site\/wp-json\/wp\/v2\/comments?post=45193"}],"version-history":[{"count":1,"href":"https:\/\/radiostudiow.com.br\/site\/wp-json\/wp\/v2\/posts\/45193\/revisions"}],"predecessor-version":[{"id":45196,"href":"https:\/\/radiostudiow.com.br\/site\/wp-json\/wp\/v2\/posts\/45193\/revisions\/45196"}],"wp:featuredmedia":[{"embeddable":true,"href":"https:\/\/radiostudiow.com.br\/site\/wp-json\/wp\/v2\/media\/45195"}],"wp:attachment":[{"href":"https:\/\/radiostudiow.com.br\/site\/wp-json\/wp\/v2\/media?parent=45193"}],"wp:term":[{"taxonomy":"category","embeddable":true,"href":"https:\/\/radiostudiow.com.br\/site\/wp-json\/wp\/v2\/categories?post=45193"},{"taxonomy":"post_tag","embeddable":true,"href":"https:\/\/radiostudiow.com.br\/site\/wp-json\/wp\/v2\/tags?post=45193"}],"curies":[{"name":"wp","href":"https:\/\/api.w.org\/{rel}","templated":true}]}}