{"id":45197,"date":"2025-12-02T09:56:47","date_gmt":"2025-12-02T12:56:47","guid":{"rendered":"https:\/\/radiostudiow.com.br\/site\/?p=45197"},"modified":"2025-12-02T09:56:48","modified_gmt":"2025-12-02T12:56:48","slug":"tragedia-na-br-277-engavetamento-na-serra-da-esperanca-mata-mulher-e-bloqueia-a-rodovia","status":"publish","type":"post","link":"https:\/\/radiostudiow.com.br\/site\/2025\/12\/02\/tragedia-na-br-277-engavetamento-na-serra-da-esperanca-mata-mulher-e-bloqueia-a-rodovia\/","title":{"rendered":"Trag\u00e9dia na BR-277: Engavetamento na Serra da Esperan\u00e7a mata mulher e bloqueia a rodovia"},"content":{"rendered":"\n<p>Um grave engavetamento registrado na noite de ontem segunda-feira (1\u00ba de dezembro), por volta das 20h50 na BR-277, regi\u00e3o da Serra da Esperan\u00e7a, em Guarapuava, deixou uma mulher morta e um homem gravemente ferido. A colis\u00e3o envolveu um caminh\u00e3o graneleiro bitrem carregado com milho e pelo menos outros cinco ve\u00edculos, causando a interdi\u00e7\u00e3o total da rodovia nos dois sentidos.<\/p>\n\n\n\n<p>De acordo com informa\u00e7\u00f5es do 12\u00b0 Grupamento de Bombeiros (12\u00b0 BBM), o acidente ocorreu ap\u00f3s o caminh\u00e3o bitrem se envolver na colis\u00e3o e provocar o engavetamento em sequ\u00eancia. No ve\u00edculo de carga estavam dois ocupantes, que n\u00e3o se feriram.<\/p>\n\n\n\n<figure class=\"wp-block-image size-full\"><img loading=\"lazy\" decoding=\"async\" width=\"897\" height=\"204\" src=\"https:\/\/radiostudiow.com.br\/site\/wp-content\/uploads\/2025\/03\/image-62.png\" alt=\"\" class=\"wp-image-35859\" srcset=\"https:\/\/radiostudiow.com.br\/site\/wp-content\/uploads\/2025\/03\/image-62.png 897w, https:\/\/radiostudiow.com.br\/site\/wp-content\/uploads\/2025\/03\/image-62-300x68.png 300w, https:\/\/radiostudiow.com.br\/site\/wp-content\/uploads\/2025\/03\/image-62-768x175.png 768w\" sizes=\"auto, (max-width: 897px) 100vw, 897px\" \/><\/figure>\n\n\n\n<p>A situa\u00e7\u00e3o mais cr\u00edtica envolveu uma van, onde estavam duas pessoas. O motorista sofreu ferimentos graves, mas permanecia consciente e orientado. Ele foi removido das ferragens pelas equipes do Corpo de Bombeiros e encaminhado ao hospital pelo SAMU.<\/p>\n\n\n\n<p>A passageira da van foi encontrada em parada cardiorrespirat\u00f3ria (PCR). Ela foi retirada do ve\u00edculo pela equipe da EPR, que chegou primeiro ao local, utilizando ferramentas de desencarceramento. Apesar das tentativas de reanima\u00e7\u00e3o, a v\u00edtima n\u00e3o resistiu e morreu no local.<\/p>\n\n\n\n<p>Os ocupantes dos demais ve\u00edculos envolvidos sofreram apenas ferimentos leves ou sa\u00edram ilesos.<\/p>\n\n\n\n<h2 class=\"wp-block-heading\">Mobiliza\u00e7\u00e3o das equipes<\/h2>\n\n\n\n<p>Foram empregadas guarni\u00e7\u00f5es do Corpo de Bombeiros de Guarapuava, Prudent\u00f3polis e Irati, totalizando 12 bombeiros diretamente envolvidos. As viaturas utilizadas.<\/p>\n\n\n\n<p>A PRF, SAMU e EPR tamb\u00e9m prestaram apoio na ocorr\u00eancia.<\/p>\n\n\n\n<h2 class=\"wp-block-heading\">Situa\u00e7\u00e3o da BR-277<\/h2>\n\n\n\n<p>A via segue totalmente interditada nos dois sentidos. A responsabilidade pela limpeza da pista e libera\u00e7\u00e3o do tr\u00e1fego ficou a cargo da PRF e da equipe da EPR.<\/p>\n\n\n\n<figure class=\"wp-block-image size-full\"><img loading=\"lazy\" decoding=\"async\" width=\"897\" height=\"204\" src=\"https:\/\/radiostudiow.com.br\/site\/wp-content\/uploads\/2025\/05\/NUTRI-MALLET.png\" alt=\"\" class=\"wp-image-37813\" srcset=\"https:\/\/radiostudiow.com.br\/site\/wp-content\/uploads\/2025\/05\/NUTRI-MALLET.png 897w, https:\/\/radiostudiow.com.br\/site\/wp-content\/uploads\/2025\/05\/NUTRI-MALLET-300x68.png 300w, https:\/\/radiostudiow.com.br\/site\/wp-content\/uploads\/2025\/05\/NUTRI-MALLET-768x175.png 768w\" sizes=\"auto, (max-width: 897px) 100vw, 897px\" \/><\/figure>\n\n\n\n<h2 class=\"wp-block-heading\">Nota da PRF<\/h2>\n\n\n\n<p><em>Colis\u00e3o envolvendo seis ve\u00edculos deixa uma pessoa morta na BR-277, em Guarapuava<\/em><\/p>\n\n\n\n<p>Mulher de 37 anos morreu no local ap\u00f3s micro-\u00f4nibus ser atingido; acidente envolveu seis ve\u00edculos na Serra da Esperan\u00e7a.<\/p>\n\n\n\n<p>Uma colis\u00e3o lateral de sentido oposto envolvendo seis ve\u00edculos resultou na morte de uma mulher na noite desta segunda-feira (1\u00ba), na BR-277, em Guarapuava. O acidente ocorreu por volta das 21h, no km 314 da rodovia, na regi\u00e3o da Serra da Esperan\u00e7a, e mobilizou diversas equipes de atendimento.<\/p>\n\n\n\n<p>De acordo com a Pol\u00edcia Rodovi\u00e1ria Federal (PRF), o engavetamento teve in\u00edcio quando um caminh\u00e3o carregado com milho, que seguia no sentido decrescente da rodovia, invadiu a pista contr\u00e1ria. O ve\u00edculo acabou colidindo lateralmente com dois caminh\u00f5es que transitavam no sentido oposto. Em seguida, o mesmo caminh\u00e3o atingiu um Volkswagen T-Cross e, na sequ\u00eancia, colidiu com um micro-\u00f4nibus. Com o impacto, o micro-\u00f4nibus ainda foi arremessado contra outro caminh\u00e3o que trafegava pela via.<\/p>\n\n\n\n<figure class=\"wp-block-image size-full\"><img decoding=\"async\" src=\"https:\/\/radiostudiow.com.br\/site\/wp-content\/uploads\/2025\/10\/SUPREMA-BARBA.png\" alt=\"\" class=\"wp-image-44123\"\/><\/figure>\n\n\n\n<p>Entre os ve\u00edculos envolvidos estavam cinco caminh\u00f5es, um micro-\u00f4nibus e um T-Cross, com placas de diversas cidades do Paran\u00e1 e tamb\u00e9m de Mato Grosso.<\/p>\n\n\n\n<p>O condutor do caminh\u00e3o que transportava milho, um homem de 39 anos, sofreu ferimentos leves e recebeu atendimento no local. O passageiro que o acompanhava n\u00e3o se feriu.<\/p>\n\n\n\n<p>No micro-\u00f4nibus, o motorista, de 50 anos, teve ferimentos graves e precisou ser encaminhado ao hospital. A passageira, uma mulher de 37 anos, morreu no local.<\/p>\n\n\n\n<p>Os demais condutores e ocupantes dos outros ve\u00edculos sa\u00edram ilesos.<\/p>\n\n\n\n<p>Devido \u00e0 gravidade da ocorr\u00eancia e \u00e0s condi\u00e7\u00f5es do trecho, a rodovia precisou ser totalmente interditada por v\u00e1rias horas. O tr\u00e1fego s\u00f3 foi liberado por volta das 2h da manh\u00e3 de ter\u00e7a-feira (2).<\/p>\n\n\n\n<p>A PRF segue acompanhando os desdobramentos do caso.<\/p>\n\n\n\n<p class=\"has-text-align-center\"><em><strong>Informa\u00e7\u00f5es: 12\u00b0BBM\/Imagens: 12\u00b0BBM\/Mat\u00e9ria: Rep\u00f3rter Kiko de Oliveira<\/strong><\/em><\/p>\n\n\n\n<figure class=\"wp-block-image size-full\"><img loading=\"lazy\" decoding=\"async\" width=\"720\" height=\"277\" src=\"https:\/\/radiostudiow.com.br\/site\/wp-content\/uploads\/2025\/12\/image-10.png\" alt=\"\" class=\"wp-image-45200\" srcset=\"https:\/\/radiostudiow.com.br\/site\/wp-content\/uploads\/2025\/12\/image-10.png 720w, https:\/\/radiostudiow.com.br\/site\/wp-content\/uploads\/2025\/12\/image-10-300x115.png 300w\" sizes=\"auto, (max-width: 720px) 100vw, 720px\" \/><\/figure>\n","protected":false},"excerpt":{"rendered":"<p>Um grave engavetamento registrado na noite de ontem segunda-feira (1\u00ba de dezembro), por volta das 20h50 na BR-277, regi\u00e3o da Serra da Esperan\u00e7a, em Guarapuava, deixou uma mulher morta e um homem gravemente ferido. A colis\u00e3o envolveu um caminh\u00e3o graneleiro bitrem carregado com milho e pelo menos outros cinco ve\u00edculos, causando a interdi\u00e7\u00e3o total da [&hellip;]<\/p>\n","protected":false},"author":2,"featured_media":45199,"comment_status":"open","ping_status":"open","sticky":false,"template":"","format":"standard","meta":{"footnotes":""},"categories":[185],"tags":[172],"class_list":["post-45197","post","type-post","status-publish","format-standard","has-post-thumbnail","hentry","category-regional","tag-featured"],"amp_enabled":true,"_links":{"self":[{"href":"https:\/\/radiostudiow.com.br\/site\/wp-json\/wp\/v2\/posts\/45197","targetHints":{"allow":["GET"]}}],"collection":[{"href":"https:\/\/radiostudiow.com.br\/site\/wp-json\/wp\/v2\/posts"}],"about":[{"href":"https:\/\/radiostudiow.com.br\/site\/wp-json\/wp\/v2\/types\/post"}],"author":[{"embeddable":true,"href":"https:\/\/radiostudiow.com.br\/site\/wp-json\/wp\/v2\/users\/2"}],"replies":[{"embeddable":true,"href":"https:\/\/radiostudiow.com.br\/site\/wp-json\/wp\/v2\/comments?post=45197"}],"version-history":[{"count":1,"href":"https:\/\/radiostudiow.com.br\/site\/wp-json\/wp\/v2\/posts\/45197\/revisions"}],"predecessor-version":[{"id":45201,"href":"https:\/\/radiostudiow.com.br\/site\/wp-json\/wp\/v2\/posts\/45197\/revisions\/45201"}],"wp:featuredmedia":[{"embeddable":true,"href":"https:\/\/radiostudiow.com.br\/site\/wp-json\/wp\/v2\/media\/45199"}],"wp:attachment":[{"href":"https:\/\/radiostudiow.com.br\/site\/wp-json\/wp\/v2\/media?parent=45197"}],"wp:term":[{"taxonomy":"category","embeddable":true,"href":"https:\/\/radiostudiow.com.br\/site\/wp-json\/wp\/v2\/categories?post=45197"},{"taxonomy":"post_tag","embeddable":true,"href":"https:\/\/radiostudiow.com.br\/site\/wp-json\/wp\/v2\/tags?post=45197"}],"curies":[{"name":"wp","href":"https:\/\/api.w.org\/{rel}","templated":true}]}}